{"id":10165,"date":"2023-11-23T15:37:42","date_gmt":"2023-11-23T20:37:42","guid":{"rendered":"https:\/\/omcabogados.com.pe\/?p=10165"},"modified":"2024-02-02T16:08:04","modified_gmt":"2024-02-02T21:08:04","slug":"omc-abogados-consultores-cuenta-con-un-nuevo-integrante-en-su-equipo-de-propiedad-intelectual","status":"publish","type":"post","link":"https:\/\/omcabogados.com.pe\/zh\/omc-abogados-consultores-cuenta-con-un-nuevo-integrante-en-su-equipo-de-propiedad-intelectual\/","title":{"rendered":"OMC\u5f8b\u5e08\u4e0e\u987e\u95ee\u4e8b\u52a1\u6240\u7684\u77e5\u8bc6\u4ea7\u6743\u56e2\u961f\u8fce\u6765\u65b0\u6210\u5458"},"content":{"rendered":"<p>OMC\u5f8b\u5e08\u4e0e\u987e\u95ee\u4e8b\u52a1\u6240\u7684\u77e5\u8bc6\u4ea7\u6743\u56e2\u961f\u5f88\u9ad8\u5174\u6b22\u8fce\u65b0\u6210\u5458\u5965\u65af\u5361\u00b7\u7ef4\u52a0\u5148\u751f (Sr. Oscar Vega) \u52a0\u5165\u3002\u4ed6\u5c06\u4e3a\u5546\u6807\u6ce8\u518c\u548c\u4e13\u5229\u9886\u57df\u63d0\u4f9b\u652f\u6301\u3002<\/p>\n<p>\u5b8c\u6210\u5b66\u672f\u6559\u80b2\u540e\uff0c\u7ef4\u52a0\u5148\u751f\u4e0d\u4ec5\u5728\u5f8b\u5e08\u4e8b\u52a1\u6240\u5de5\u4f5c\uff0c\u8fd8\u66fe\u5728\u4e00\u4e9b\u79c1\u8425\u4f01\u4e1a\u7684\u6cd5\u5f8b\u90e8\u95e8\u4efb\u804c\uff0c\u4e3a\u5176\u8d21\u732e\u4e86\u4e30\u5bcc\u7684\u77e5\u8bc6\u548c\u5b9e\u8df5\u7ecf\u9a8c\u3002<\/p>\n<p>\u6b64\u5916\uff0c\u4ed6\u8fd8\u62e5\u6709\u7ade\u4e89\u4e0e\u76d1\u7ba1\u9886\u57df\u7684\u4e13\u4e1a\u8d44\u683c\uff0c\u5e76\u66fe\u5728\u516c\u53f8\u6cd5\u548c\u4f01\u4e1a\u6cd5\u9886\u57df\u79ef\u7d2f\u4e86\u4e30\u5bcc\u7684\u5de5\u4f5c\u7ecf\u9a8c\u3002<\/p>","protected":false},"excerpt":{"rendered":"<p>El equipo de propiedad intelectual de la firma OMC Abogados &amp; Consultores se complace en dar la bienvenida a su nuevo integrante, el Sr. Oscar Vega, quien colaborar\u00e1 con las \u00e1reas de registro de marcas y tambi\u00e9n de patentes. Una vez concluida su formaci\u00f3n acad\u00e9mica, el Sr. Vega no solo se ha desempe\u00f1ado en estudios [&hellip;]<\/p>","protected":false},"author":2,"featured_media":10166,"comment_status":"closed","ping_status":"closed","sticky":false,"template":"","format":"standard","meta":{"_vp_format_video_url":"","_vp_image_focal_point":[],"_vp_custom_popup_image":0,"_vp_format_audio_url":"","_vp_custom_thumbnail":0,"_vp_custom_thumbnail_focal_point":[],"_vp_hover_thumbnail":0,"_vp_hover_thumbnail_focal_point":[],"footnotes":""},"categories":[45],"tags":[79,77,78],"class_list":["post-10165","post","type-post","status-publish","format-standard","has-post-thumbnail","hentry","category-notas-de-prensa","tag-omc-abogados-consultores","tag-propiedad-intelectual","tag-registro-de-marcas-y-patentes"],"yoast_head":"<!-- This site is optimized with the Yoast SEO plugin v27.5 - https:\/\/yoast.com\/product\/yoast-seo-wordpress\/ -->\n<title>OMC Abogados &amp; Consultores cuenta con un nuevo integrante en su equipo de Propiedad Intelectual - OMC Abogados &amp; Consultores<\/title>\n<meta name=\"robots\" content=\"index, follow, max-snippet:-1, max-image-preview:large, max-video-preview:-1\" \/>\n<link rel=\"canonical\" href=\"https:\/\/omcabogados.com.pe\/zh\/omc-abogados-consultores-cuenta-con-un-nuevo-integrante-en-su-equipo-de-propiedad-intelectual\/\" \/>\n<meta property=\"og:locale\" content=\"zh_CN\" \/>\n<meta property=\"og:type\" content=\"article\" \/>\n<meta property=\"og:title\" content=\"OMC Abogados &amp; Consultores cuenta con un nuevo integrante en su equipo de Propiedad Intelectual - OMC Abogados &amp; Consultores\" \/>\n<meta property=\"og:description\" content=\"El equipo de propiedad intelectual de la firma OMC Abogados &amp; Consultores se complace en dar la bienvenida a su nuevo integrante, el Sr. Oscar Vega, quien colaborar\u00e1 con las \u00e1reas de registro de marcas y tambi\u00e9n de patentes. Una vez concluida su formaci\u00f3n acad\u00e9mica, el Sr. Vega no solo se ha desempe\u00f1ado en estudios [&hellip;]\" \/>\n<meta property=\"og:url\" content=\"https:\/\/omcabogados.com.pe\/zh\/omc-abogados-consultores-cuenta-con-un-nuevo-integrante-en-su-equipo-de-propiedad-intelectual\/\" \/>\n<meta property=\"og:site_name\" content=\"OMC Abogados &amp; Consultores\" \/>\n<meta property=\"article:publisher\" content=\"https:\/\/www.facebook.com\/omcabogados.consultores\/\" \/>\n<meta property=\"article:published_time\" content=\"2023-11-23T20:37:42+00:00\" \/>\n<meta property=\"article:modified_time\" content=\"2024-02-02T21:08:04+00:00\" \/>\n<meta property=\"og:image\" content=\"https:\/\/omcabogados.com.pe\/wp-content\/uploads\/Presentacion-Web-OV.png\" \/>\n\t<meta property=\"og:image:width\" content=\"668\" \/>\n\t<meta property=\"og:image:height\" content=\"445\" \/>\n\t<meta property=\"og:image:type\" content=\"image\/png\" \/>\n<meta name=\"author\" content=\"Luis Valerio\" \/>\n<meta name=\"twitter:card\" content=\"summary_large_image\" \/>\n<meta name=\"twitter:creator\" content=\"@omcabogadosperu\" \/>\n<meta name=\"twitter:site\" content=\"@omcabogadosperu\" \/>\n<meta name=\"twitter:label1\" content=\"\u4f5c\u8005\" \/>\n\t<meta name=\"twitter:data1\" content=\"Luis Valerio\" \/>\n\t<meta name=\"twitter:label2\" content=\"\u9884\u8ba1\u9605\u8bfb\u65f6\u95f4\" \/>\n\t<meta name=\"twitter:data2\" content=\"1 \u5206\" \/>\n<script type=\"application\/ld+json\" class=\"yoast-schema-graph\">{\"@context\":\"https:\\\/\\\/schema.org\",\"@graph\":[{\"@type\":\"Article\",\"@id\":\"https:\\\/\\\/omcabogados.com.pe\\\/omc-abogados-consultores-cuenta-con-un-nuevo-integrante-en-su-equipo-de-propiedad-intelectual\\\/#article\",\"isPartOf\":{\"@id\":\"https:\\\/\\\/omcabogados.com.pe\\\/omc-abogados-consultores-cuenta-con-un-nuevo-integrante-en-su-equipo-de-propiedad-intelectual\\\/\"},\"author\":{\"name\":\"Luis Valerio\",\"@id\":\"https:\\\/\\\/omcabogados.com.pe\\\/es\\\/#\\\/schema\\\/person\\\/a09a3c55e7d9fbc43450f286a70f9211\"},\"headline\":\"OMC Abogados &#038; Consultores cuenta con un nuevo integrante en su equipo de Propiedad Intelectual\",\"datePublished\":\"2023-11-23T20:37:42+00:00\",\"dateModified\":\"2024-02-02T21:08:04+00:00\",\"mainEntityOfPage\":{\"@id\":\"https:\\\/\\\/omcabogados.com.pe\\\/omc-abogados-consultores-cuenta-con-un-nuevo-integrante-en-su-equipo-de-propiedad-intelectual\\\/\"},\"wordCount\":124,\"publisher\":{\"@id\":\"https:\\\/\\\/omcabogados.com.pe\\\/es\\\/#organization\"},\"image\":{\"@id\":\"https:\\\/\\\/omcabogados.com.pe\\\/omc-abogados-consultores-cuenta-con-un-nuevo-integrante-en-su-equipo-de-propiedad-intelectual\\\/#primaryimage\"},\"thumbnailUrl\":\"https:\\\/\\\/omcabogados.com.pe\\\/wp-content\\\/uploads\\\/Presentacion-Web-OV.png\",\"keywords\":[\"OMC Abogados &amp; Consultores\",\"Propiedad Intelectual\",\"Registro de marcas y patentes\"],\"articleSection\":[\"Notas de Prensa\"],\"inLanguage\":\"zh-Hans\"},{\"@type\":\"WebPage\",\"@id\":\"https:\\\/\\\/omcabogados.com.pe\\\/omc-abogados-consultores-cuenta-con-un-nuevo-integrante-en-su-equipo-de-propiedad-intelectual\\\/\",\"url\":\"https:\\\/\\\/omcabogados.com.pe\\\/omc-abogados-consultores-cuenta-con-un-nuevo-integrante-en-su-equipo-de-propiedad-intelectual\\\/\",\"name\":\"OMC Abogados & Consultores cuenta con un nuevo integrante en su equipo de Propiedad Intelectual - OMC Abogados &amp; Consultores\",\"isPartOf\":{\"@id\":\"https:\\\/\\\/omcabogados.com.pe\\\/es\\\/#website\"},\"primaryImageOfPage\":{\"@id\":\"https:\\\/\\\/omcabogados.com.pe\\\/omc-abogados-consultores-cuenta-con-un-nuevo-integrante-en-su-equipo-de-propiedad-intelectual\\\/#primaryimage\"},\"image\":{\"@id\":\"https:\\\/\\\/omcabogados.com.pe\\\/omc-abogados-consultores-cuenta-con-un-nuevo-integrante-en-su-equipo-de-propiedad-intelectual\\\/#primaryimage\"},\"thumbnailUrl\":\"https:\\\/\\\/omcabogados.com.pe\\\/wp-content\\\/uploads\\\/Presentacion-Web-OV.png\",\"datePublished\":\"2023-11-23T20:37:42+00:00\",\"dateModified\":\"2024-02-02T21:08:04+00:00\",\"breadcrumb\":{\"@id\":\"https:\\\/\\\/omcabogados.com.pe\\\/omc-abogados-consultores-cuenta-con-un-nuevo-integrante-en-su-equipo-de-propiedad-intelectual\\\/#breadcrumb\"},\"inLanguage\":\"zh-Hans\",\"potentialAction\":[{\"@type\":\"ReadAction\",\"target\":[\"https:\\\/\\\/omcabogados.com.pe\\\/omc-abogados-consultores-cuenta-con-un-nuevo-integrante-en-su-equipo-de-propiedad-intelectual\\\/\"]}]},{\"@type\":\"ImageObject\",\"inLanguage\":\"zh-Hans\",\"@id\":\"https:\\\/\\\/omcabogados.com.pe\\\/omc-abogados-consultores-cuenta-con-un-nuevo-integrante-en-su-equipo-de-propiedad-intelectual\\\/#primaryimage\",\"url\":\"https:\\\/\\\/omcabogados.com.pe\\\/wp-content\\\/uploads\\\/Presentacion-Web-OV.png\",\"contentUrl\":\"https:\\\/\\\/omcabogados.com.pe\\\/wp-content\\\/uploads\\\/Presentacion-Web-OV.png\",\"width\":668,\"height\":445},{\"@type\":\"BreadcrumbList\",\"@id\":\"https:\\\/\\\/omcabogados.com.pe\\\/omc-abogados-consultores-cuenta-con-un-nuevo-integrante-en-su-equipo-de-propiedad-intelectual\\\/#breadcrumb\",\"itemListElement\":[{\"@type\":\"ListItem\",\"position\":1,\"name\":\"Portada\",\"item\":\"https:\\\/\\\/omcabogados.com.pe\\\/\"},{\"@type\":\"ListItem\",\"position\":2,\"name\":\"OMC Abogados &#038; Consultores cuenta con un nuevo integrante en su equipo de Propiedad Intelectual\"}]},{\"@type\":\"WebSite\",\"@id\":\"https:\\\/\\\/omcabogados.com.pe\\\/es\\\/#website\",\"url\":\"https:\\\/\\\/omcabogados.com.pe\\\/es\\\/\",\"name\":\"OMC Abogados & Consultores\",\"description\":\"\",\"publisher\":{\"@id\":\"https:\\\/\\\/omcabogados.com.pe\\\/es\\\/#organization\"},\"potentialAction\":[{\"@type\":\"SearchAction\",\"target\":{\"@type\":\"EntryPoint\",\"urlTemplate\":\"https:\\\/\\\/omcabogados.com.pe\\\/es\\\/?s={search_term_string}\"},\"query-input\":{\"@type\":\"PropertyValueSpecification\",\"valueRequired\":true,\"valueName\":\"search_term_string\"}}],\"inLanguage\":\"zh-Hans\"},{\"@type\":\"Organization\",\"@id\":\"https:\\\/\\\/omcabogados.com.pe\\\/es\\\/#organization\",\"name\":\"OMC Abogados & Consultores\",\"url\":\"https:\\\/\\\/omcabogados.com.pe\\\/es\\\/\",\"logo\":{\"@type\":\"ImageObject\",\"inLanguage\":\"zh-Hans\",\"@id\":\"https:\\\/\\\/omcabogados.com.pe\\\/es\\\/#\\\/schema\\\/logo\\\/image\\\/\",\"url\":\"https:\\\/\\\/omcabogados.com.pe\\\/wp-content\\\/uploads\\\/logo-omc-abogados.png\",\"contentUrl\":\"https:\\\/\\\/omcabogados.com.pe\\\/wp-content\\\/uploads\\\/logo-omc-abogados.png\",\"width\":210,\"height\":159,\"caption\":\"OMC Abogados & Consultores\"},\"image\":{\"@id\":\"https:\\\/\\\/omcabogados.com.pe\\\/es\\\/#\\\/schema\\\/logo\\\/image\\\/\"},\"sameAs\":[\"https:\\\/\\\/www.facebook.com\\\/omcabogados.consultores\\\/\",\"https:\\\/\\\/x.com\\\/omcabogadosperu\",\"https:\\\/\\\/www.linkedin.com\\\/company\\\/omc-abogados-consultores\\\/?viewAsMember=true\",\"https:\\\/\\\/www.instagram.com\\\/omcabogadosyconsultores\\\/\"]},{\"@type\":\"Person\",\"@id\":\"https:\\\/\\\/omcabogados.com.pe\\\/es\\\/#\\\/schema\\\/person\\\/a09a3c55e7d9fbc43450f286a70f9211\",\"name\":\"Luis Valerio\",\"image\":{\"@type\":\"ImageObject\",\"inLanguage\":\"zh-Hans\",\"@id\":\"https:\\\/\\\/secure.gravatar.com\\\/avatar\\\/cb548e4205775273d33308ca72a531966ded49102d271cbad24375f4fb220e19?s=96&d=mm&r=g\",\"url\":\"https:\\\/\\\/secure.gravatar.com\\\/avatar\\\/cb548e4205775273d33308ca72a531966ded49102d271cbad24375f4fb220e19?s=96&d=mm&r=g\",\"contentUrl\":\"https:\\\/\\\/secure.gravatar.com\\\/avatar\\\/cb548e4205775273d33308ca72a531966ded49102d271cbad24375f4fb220e19?s=96&d=mm&r=g\",\"caption\":\"Luis Valerio\"},\"url\":\"https:\\\/\\\/omcabogados.com.pe\\\/zh\\\/author\\\/luisvalerio\\\/\"}]}<\/script>\n<!-- \/ Yoast SEO plugin. -->","yoast_head_json":{"title":"OMC Abogados & Consultores cuenta con un nuevo integrante en su equipo de Propiedad Intelectual - OMC Abogados &amp; Consultores","robots":{"index":"index","follow":"follow","max-snippet":"max-snippet:-1","max-image-preview":"max-image-preview:large","max-video-preview":"max-video-preview:-1"},"canonical":"https:\/\/omcabogados.com.pe\/zh\/omc-abogados-consultores-cuenta-con-un-nuevo-integrante-en-su-equipo-de-propiedad-intelectual\/","og_locale":"zh_CN","og_type":"article","og_title":"OMC Abogados & Consultores cuenta con un nuevo integrante en su equipo de Propiedad Intelectual - OMC Abogados &amp; Consultores","og_description":"El equipo de propiedad intelectual de la firma OMC Abogados &amp; Consultores se complace en dar la bienvenida a su nuevo integrante, el Sr. Oscar Vega, quien colaborar\u00e1 con las \u00e1reas de registro de marcas y tambi\u00e9n de patentes. Una vez concluida su formaci\u00f3n acad\u00e9mica, el Sr. Vega no solo se ha desempe\u00f1ado en estudios [&hellip;]","og_url":"https:\/\/omcabogados.com.pe\/zh\/omc-abogados-consultores-cuenta-con-un-nuevo-integrante-en-su-equipo-de-propiedad-intelectual\/","og_site_name":"OMC Abogados &amp; Consultores","article_publisher":"https:\/\/www.facebook.com\/omcabogados.consultores\/","article_published_time":"2023-11-23T20:37:42+00:00","article_modified_time":"2024-02-02T21:08:04+00:00","og_image":[{"width":668,"height":445,"url":"https:\/\/omcabogados.com.pe\/wp-content\/uploads\/Presentacion-Web-OV.png","type":"image\/png"}],"author":"Luis Valerio","twitter_card":"summary_large_image","twitter_creator":"@omcabogadosperu","twitter_site":"@omcabogadosperu","twitter_misc":{"\u4f5c\u8005":"Luis Valerio","\u9884\u8ba1\u9605\u8bfb\u65f6\u95f4":"1 \u5206"},"schema":{"@context":"https:\/\/schema.org","@graph":[{"@type":"Article","@id":"https:\/\/omcabogados.com.pe\/omc-abogados-consultores-cuenta-con-un-nuevo-integrante-en-su-equipo-de-propiedad-intelectual\/#article","isPartOf":{"@id":"https:\/\/omcabogados.com.pe\/omc-abogados-consultores-cuenta-con-un-nuevo-integrante-en-su-equipo-de-propiedad-intelectual\/"},"author":{"name":"Luis Valerio","@id":"https:\/\/omcabogados.com.pe\/es\/#\/schema\/person\/a09a3c55e7d9fbc43450f286a70f9211"},"headline":"OMC Abogados &#038; Consultores cuenta con un nuevo integrante en su equipo de Propiedad Intelectual","datePublished":"2023-11-23T20:37:42+00:00","dateModified":"2024-02-02T21:08:04+00:00","mainEntityOfPage":{"@id":"https:\/\/omcabogados.com.pe\/omc-abogados-consultores-cuenta-con-un-nuevo-integrante-en-su-equipo-de-propiedad-intelectual\/"},"wordCount":124,"publisher":{"@id":"https:\/\/omcabogados.com.pe\/es\/#organization"},"image":{"@id":"https:\/\/omcabogados.com.pe\/omc-abogados-consultores-cuenta-con-un-nuevo-integrante-en-su-equipo-de-propiedad-intelectual\/#primaryimage"},"thumbnailUrl":"https:\/\/omcabogados.com.pe\/wp-content\/uploads\/Presentacion-Web-OV.png","keywords":["OMC Abogados &amp; Consultores","Propiedad Intelectual","Registro de marcas y patentes"],"articleSection":["Notas de Prensa"],"inLanguage":"zh-Hans"},{"@type":"WebPage","@id":"https:\/\/omcabogados.com.pe\/omc-abogados-consultores-cuenta-con-un-nuevo-integrante-en-su-equipo-de-propiedad-intelectual\/","url":"https:\/\/omcabogados.com.pe\/omc-abogados-consultores-cuenta-con-un-nuevo-integrante-en-su-equipo-de-propiedad-intelectual\/","name":"OMC Abogados & Consultores cuenta con un nuevo integrante en su equipo de Propiedad Intelectual - OMC Abogados &amp; Consultores","isPartOf":{"@id":"https:\/\/omcabogados.com.pe\/es\/#website"},"primaryImageOfPage":{"@id":"https:\/\/omcabogados.com.pe\/omc-abogados-consultores-cuenta-con-un-nuevo-integrante-en-su-equipo-de-propiedad-intelectual\/#primaryimage"},"image":{"@id":"https:\/\/omcabogados.com.pe\/omc-abogados-consultores-cuenta-con-un-nuevo-integrante-en-su-equipo-de-propiedad-intelectual\/#primaryimage"},"thumbnailUrl":"https:\/\/omcabogados.com.pe\/wp-content\/uploads\/Presentacion-Web-OV.png","datePublished":"2023-11-23T20:37:42+00:00","dateModified":"2024-02-02T21:08:04+00:00","breadcrumb":{"@id":"https:\/\/omcabogados.com.pe\/omc-abogados-consultores-cuenta-con-un-nuevo-integrante-en-su-equipo-de-propiedad-intelectual\/#breadcrumb"},"inLanguage":"zh-Hans","potentialAction":[{"@type":"ReadAction","target":["https:\/\/omcabogados.com.pe\/omc-abogados-consultores-cuenta-con-un-nuevo-integrante-en-su-equipo-de-propiedad-intelectual\/"]}]},{"@type":"ImageObject","inLanguage":"zh-Hans","@id":"https:\/\/omcabogados.com.pe\/omc-abogados-consultores-cuenta-con-un-nuevo-integrante-en-su-equipo-de-propiedad-intelectual\/#primaryimage","url":"https:\/\/omcabogados.com.pe\/wp-content\/uploads\/Presentacion-Web-OV.png","contentUrl":"https:\/\/omcabogados.com.pe\/wp-content\/uploads\/Presentacion-Web-OV.png","width":668,"height":445},{"@type":"BreadcrumbList","@id":"https:\/\/omcabogados.com.pe\/omc-abogados-consultores-cuenta-con-un-nuevo-integrante-en-su-equipo-de-propiedad-intelectual\/#breadcrumb","itemListElement":[{"@type":"ListItem","position":1,"name":"Portada","item":"https:\/\/omcabogados.com.pe\/"},{"@type":"ListItem","position":2,"name":"OMC Abogados &#038; Consultores cuenta con un nuevo integrante en su equipo de Propiedad Intelectual"}]},{"@type":"WebSite","@id":"https:\/\/omcabogados.com.pe\/es\/#website","url":"https:\/\/omcabogados.com.pe\/es\/","name":"OMC Abogados & Consultores","description":"","publisher":{"@id":"https:\/\/omcabogados.com.pe\/es\/#organization"},"potentialAction":[{"@type":"SearchAction","target":{"@type":"EntryPoint","urlTemplate":"https:\/\/omcabogados.com.pe\/es\/?s={search_term_string}"},"query-input":{"@type":"PropertyValueSpecification","valueRequired":true,"valueName":"search_term_string"}}],"inLanguage":"zh-Hans"},{"@type":"Organization","@id":"https:\/\/omcabogados.com.pe\/es\/#organization","name":"OMC Abogados & Consultores","url":"https:\/\/omcabogados.com.pe\/es\/","logo":{"@type":"ImageObject","inLanguage":"zh-Hans","@id":"https:\/\/omcabogados.com.pe\/es\/#\/schema\/logo\/image\/","url":"https:\/\/omcabogados.com.pe\/wp-content\/uploads\/logo-omc-abogados.png","contentUrl":"https:\/\/omcabogados.com.pe\/wp-content\/uploads\/logo-omc-abogados.png","width":210,"height":159,"caption":"OMC Abogados & Consultores"},"image":{"@id":"https:\/\/omcabogados.com.pe\/es\/#\/schema\/logo\/image\/"},"sameAs":["https:\/\/www.facebook.com\/omcabogados.consultores\/","https:\/\/x.com\/omcabogadosperu","https:\/\/www.linkedin.com\/company\/omc-abogados-consultores\/?viewAsMember=true","https:\/\/www.instagram.com\/omcabogadosyconsultores\/"]},{"@type":"Person","@id":"https:\/\/omcabogados.com.pe\/es\/#\/schema\/person\/a09a3c55e7d9fbc43450f286a70f9211","name":"Luis Valerio","image":{"@type":"ImageObject","inLanguage":"zh-Hans","@id":"https:\/\/secure.gravatar.com\/avatar\/cb548e4205775273d33308ca72a531966ded49102d271cbad24375f4fb220e19?s=96&d=mm&r=g","url":"https:\/\/secure.gravatar.com\/avatar\/cb548e4205775273d33308ca72a531966ded49102d271cbad24375f4fb220e19?s=96&d=mm&r=g","contentUrl":"https:\/\/secure.gravatar.com\/avatar\/cb548e4205775273d33308ca72a531966ded49102d271cbad24375f4fb220e19?s=96&d=mm&r=g","caption":"Luis Valerio"},"url":"https:\/\/omcabogados.com.pe\/zh\/author\/luisvalerio\/"}]}},"rttpg_featured_image_url":{"full":["https:\/\/omcabogados.com.pe\/wp-content\/uploads\/Presentacion-Web-OV.png",668,445,false],"landscape":["https:\/\/omcabogados.com.pe\/wp-content\/uploads\/Presentacion-Web-OV.png",668,445,false],"portraits":["https:\/\/omcabogados.com.pe\/wp-content\/uploads\/Presentacion-Web-OV.png",668,445,false],"thumbnail":["https:\/\/omcabogados.com.pe\/wp-content\/uploads\/Presentacion-Web-OV-338x170.png",338,170,true],"medium":["https:\/\/omcabogados.com.pe\/wp-content\/uploads\/Presentacion-Web-OV-408x272.png",408,272,true],"large":["https:\/\/omcabogados.com.pe\/wp-content\/uploads\/Presentacion-Web-OV.png",668,445,false],"1536x1536":["https:\/\/omcabogados.com.pe\/wp-content\/uploads\/Presentacion-Web-OV.png",668,445,false],"2048x2048":["https:\/\/omcabogados.com.pe\/wp-content\/uploads\/Presentacion-Web-OV.png",668,445,false],"trp-custom-language-flag":["https:\/\/omcabogados.com.pe\/wp-content\/uploads\/Presentacion-Web-OV-18x12.png",18,12,true],"gt3theme_mobile":["https:\/\/omcabogados.com.pe\/wp-content\/uploads\/Presentacion-Web-OV-480x320.png",480,320,true],"vp_sm":["https:\/\/omcabogados.com.pe\/wp-content\/uploads\/Presentacion-Web-OV-500x333.png",500,333,true],"vp_md":["https:\/\/omcabogados.com.pe\/wp-content\/uploads\/Presentacion-Web-OV.png",668,445,false],"vp_lg":["https:\/\/omcabogados.com.pe\/wp-content\/uploads\/Presentacion-Web-OV.png",668,445,false],"vp_xl":["https:\/\/omcabogados.com.pe\/wp-content\/uploads\/Presentacion-Web-OV.png",668,445,false],"vp_sm_popup":["https:\/\/omcabogados.com.pe\/wp-content\/uploads\/Presentacion-Web-OV-500x333.png",500,333,true],"vp_md_popup":["https:\/\/omcabogados.com.pe\/wp-content\/uploads\/Presentacion-Web-OV.png",668,445,false],"vp_xl_popup":["https:\/\/omcabogados.com.pe\/wp-content\/uploads\/Presentacion-Web-OV.png",668,445,false]},"rttpg_author":{"display_name":"Luis Valerio","author_link":"https:\/\/omcabogados.com.pe\/zh\/author\/luisvalerio\/"},"rttpg_comment":0,"rttpg_category":"<a href=\"https:\/\/omcabogados.com.pe\/zh\/category\/prensa\/notas-de-prensa\/\" rel=\"category tag\">Notas de Prensa<\/a>","rttpg_excerpt":"El equipo de propiedad intelectual de la firma OMC Abogados &amp; Consultores se complace en dar la bienvenida a su nuevo integrante, el Sr. Oscar Vega, quien colaborar\u00e1 con las \u00e1reas de registro de marcas y tambi\u00e9n de patentes. Una vez concluida su formaci\u00f3n acad\u00e9mica, el Sr. Vega no solo se ha desempe\u00f1ado en estudios&hellip;","_links":{"self":[{"href":"https:\/\/omcabogados.com.pe\/zh\/wp-json\/wp\/v2\/posts\/10165","targetHints":{"allow":["GET"]}}],"collection":[{"href":"https:\/\/omcabogados.com.pe\/zh\/wp-json\/wp\/v2\/posts"}],"about":[{"href":"https:\/\/omcabogados.com.pe\/zh\/wp-json\/wp\/v2\/types\/post"}],"author":[{"embeddable":true,"href":"https:\/\/omcabogados.com.pe\/zh\/wp-json\/wp\/v2\/users\/2"}],"replies":[{"embeddable":true,"href":"https:\/\/omcabogados.com.pe\/zh\/wp-json\/wp\/v2\/comments?post=10165"}],"version-history":[{"count":1,"href":"https:\/\/omcabogados.com.pe\/zh\/wp-json\/wp\/v2\/posts\/10165\/revisions"}],"predecessor-version":[{"id":10167,"href":"https:\/\/omcabogados.com.pe\/zh\/wp-json\/wp\/v2\/posts\/10165\/revisions\/10167"}],"wp:featuredmedia":[{"embeddable":true,"href":"https:\/\/omcabogados.com.pe\/zh\/wp-json\/wp\/v2\/media\/10166"}],"wp:attachment":[{"href":"https:\/\/omcabogados.com.pe\/zh\/wp-json\/wp\/v2\/media?parent=10165"}],"wp:term":[{"taxonomy":"category","embeddable":true,"href":"https:\/\/omcabogados.com.pe\/zh\/wp-json\/wp\/v2\/categories?post=10165"},{"taxonomy":"post_tag","embeddable":true,"href":"https:\/\/omcabogados.com.pe\/zh\/wp-json\/wp\/v2\/tags?post=10165"}],"curies":[{"name":"wp","href":"https:\/\/api.w.org\/{rel}","templated":true}]}}