{"id":15180,"date":"2024-11-20T10:36:48","date_gmt":"2024-11-20T15:36:48","guid":{"rendered":"https:\/\/omcabogados.com.pe\/?p=15180"},"modified":"2024-11-20T12:27:22","modified_gmt":"2024-11-20T17:27:22","slug":"socio-del-area-de-derecho-corporativo-de-omc-abogados-consultores-participo-en-el-congreso-ovum-2024-en-uruguay","status":"publish","type":"post","link":"https:\/\/omcabogados.com.pe\/es\/socio-del-area-de-derecho-corporativo-de-omc-abogados-consultores-participo-en-el-congreso-ovum-2024-en-uruguay\/","title":{"rendered":"Socio del \u00e1rea de derecho corporativo de OMC Abogados &#038; Consultores particip\u00f3 en el Congreso OVUM 2024 en Uruguay"},"content":{"rendered":"\t\t<div data-elementor-type=\"wp-post\" data-elementor-id=\"15180\" class=\"elementor elementor-15180\" data-elementor-post-type=\"post\">\n\t\t\t\t\t\t<section class=\"elementor-section elementor-top-section elementor-element elementor-element-4c3e04c1 elementor-section-boxed elementor-section-height-default elementor-section-height-default\" data-id=\"4c3e04c1\" data-element_type=\"section\">\n\t\t\t\t\t\t<div class=\"elementor-container elementor-column-gap-default\">\n\t\t\t\t\t<div class=\"elementor-column elementor-col-100 elementor-top-column elementor-element elementor-element-131ceee8\" data-id=\"131ceee8\" data-element_type=\"column\">\n\t\t\t<div class=\"elementor-widget-wrap elementor-element-populated\">\n\t\t\t\t\t\t<div class=\"elementor-element elementor-element-50031178 elementor-widget elementor-widget-text-editor\" data-id=\"50031178\" data-element_type=\"widget\" data-widget_type=\"text-editor.default\">\n\t\t\t\t<div class=\"elementor-widget-container\">\n\t\t\t\t\t\t\t<p>El Dr. Luis Maura, socio y abogado del \u00e1rea de derecho corporativo de la firma peruana OMC Abogados &amp; Consultores, viaj\u00f3 a la ciudad de Punta del Este en Uruguay para participar en el XXVIII Congreso Latinoamericano de Avicultura <a href=\"https:\/\/ovum2024.uy\">OVUM<\/a> 2024, evento que se realiz\u00f3 del 12 al 15 de noviembre y al que tambi\u00e9n asisti\u00f3 el Sr. Luis Lacalle Pou, presidente del Uruguay, con quien sostuvo una breve conversaci\u00f3n. \u00a0<\/p><p>Queda claro el nivel de importancia que tiene el congreso OVUM en la regi\u00f3n, 3,500 inscritos y 200 empresas expositoras que adem\u00e1s de hacer networking intercambiaron experiencias sobre sus productos o servicios y sus respectivos beneficios, convirti\u00e9ndose en una oportunidad ideal para generar alianzas que contribuyan con la expansi\u00f3n de sus negocios a gran parte de Latinoam\u00e9rica, ya sea a trav\u00e9s de representaciones comerciales, franquicias o asesor\u00edas legales para la obtenci\u00f3n de registros sanitarios u otros permisos que permitan el cumplimiento de las normas establecidas por las autoridades del mercado elegido.<\/p><p>Durante los \u00faltimos a\u00f1os la industria ha mostrado un crecimiento considerable en el consumo de sus productos y por consecuencia el aumento en las oportunidades de negocios para todas aquellas empresas dedicadas a la cr\u00eda, mejora y comercializaci\u00f3n de aves dom\u00e9sticas para consumo alimenticio por parte de la poblaci\u00f3n.<\/p><p>En caso de necesitar asesor\u00eda para la obtenci\u00f3n de registro sanitarios o constituir una empresa, ingrese aqu\u00ed: <a href=\"https:\/\/omcabogados.com.pe\/es\/consultas-legales-peru-latinoamerica\/\">https:\/\/omcabogados.com.pe\/es\/consultas-legales-peru-latinoamerica\/<\/a><\/p>\t\t\t\t\t\t<\/div>\n\t\t\t\t<\/div>\n\t\t\t\t\t<\/div>\n\t\t<\/div>\n\t\t\t\t\t<\/div>\n\t\t<\/section>\n\t\t\t\t<\/div>\n\t\t","protected":false},"excerpt":{"rendered":"<p>El Dr. Luis Maura, socio y abogado del \u00e1rea de derecho corporativo de la firma peruana OMC Abogados &amp; Consultores, viaj\u00f3 a la ciudad de Punta del Este en Uruguay para participar en el XXVIII Congreso Latinoamericano de Avicultura OVUM 2024, evento que se realiz\u00f3 del 12 al 15 de noviembre y al que tambi\u00e9n [&hellip;]<\/p>\n","protected":false},"author":2,"featured_media":15179,"comment_status":"closed","ping_status":"closed","sticky":false,"template":"","format":"standard","meta":{"_vp_format_video_url":"","_vp_image_focal_point":[],"_vp_custom_popup_image":0,"_vp_format_audio_url":"","_vp_custom_thumbnail":0,"_vp_custom_thumbnail_focal_point":[],"_vp_hover_thumbnail":0,"_vp_hover_thumbnail_focal_point":[],"footnotes":""},"categories":[45],"tags":[95,125,130,129,111,79,127,128,126],"class_list":["post-15180","post","type-post","status-publish","format-standard","has-post-thumbnail","hentry","category-notas-de-prensa","tag-abogados","tag-derecho-corporativo","tag-latinoamerica","tag-luis-lacalle","tag-negocios","tag-omc-abogados-consultores","tag-ovum-2024","tag-presidente-del-uruguay","tag-registros-sanitarios"],"yoast_head":"<!-- This site is optimized with the Yoast SEO plugin v27.5 - https:\/\/yoast.com\/product\/yoast-seo-wordpress\/ -->\n<title>Socio del \u00e1rea de derecho corporativo de OMC Abogados &amp; Consultores particip\u00f3 en el Congreso OVUM 2024 en Uruguay - OMC Abogados &amp; Consultores<\/title>\n<meta name=\"robots\" content=\"index, follow, max-snippet:-1, max-image-preview:large, max-video-preview:-1\" \/>\n<link rel=\"canonical\" href=\"https:\/\/omcabogados.com.pe\/es\/socio-del-area-de-derecho-corporativo-de-omc-abogados-consultores-participo-en-el-congreso-ovum-2024-en-uruguay\/\" \/>\n<meta property=\"og:locale\" content=\"es_ES\" \/>\n<meta property=\"og:type\" content=\"article\" \/>\n<meta property=\"og:title\" content=\"Socio del \u00e1rea de derecho corporativo de OMC Abogados &amp; Consultores particip\u00f3 en el Congreso OVUM 2024 en Uruguay - OMC Abogados &amp; Consultores\" \/>\n<meta property=\"og:description\" content=\"El Dr. Luis Maura, socio y abogado del \u00e1rea de derecho corporativo de la firma peruana OMC Abogados &amp; Consultores, viaj\u00f3 a la ciudad de Punta del Este en Uruguay para participar en el XXVIII Congreso Latinoamericano de Avicultura OVUM 2024, evento que se realiz\u00f3 del 12 al 15 de noviembre y al que tambi\u00e9n [&hellip;]\" \/>\n<meta property=\"og:url\" content=\"https:\/\/omcabogados.com.pe\/es\/socio-del-area-de-derecho-corporativo-de-omc-abogados-consultores-participo-en-el-congreso-ovum-2024-en-uruguay\/\" \/>\n<meta property=\"og:site_name\" content=\"OMC Abogados &amp; Consultores\" \/>\n<meta property=\"article:publisher\" content=\"https:\/\/www.facebook.com\/omcabogados.consultores\/\" \/>\n<meta property=\"article:published_time\" content=\"2024-11-20T15:36:48+00:00\" \/>\n<meta property=\"article:modified_time\" content=\"2024-11-20T17:27:22+00:00\" \/>\n<meta property=\"og:image\" content=\"https:\/\/omcabogados.com.pe\/wp-content\/uploads\/ovum2024-luis-maura-y-presidente-luis-lacalle-de-uruguay-w-620x484.png\" \/>\n\t<meta property=\"og:image:width\" content=\"620\" \/>\n\t<meta property=\"og:image:height\" content=\"484\" \/>\n\t<meta property=\"og:image:type\" content=\"image\/png\" \/>\n<meta name=\"author\" content=\"Luis Valerio\" \/>\n<meta name=\"twitter:card\" content=\"summary_large_image\" \/>\n<meta name=\"twitter:creator\" content=\"@omcabogadosperu\" \/>\n<meta name=\"twitter:site\" content=\"@omcabogadosperu\" \/>\n<meta name=\"twitter:label1\" content=\"Escrito por\" \/>\n\t<meta name=\"twitter:data1\" content=\"Luis Valerio\" \/>\n\t<meta name=\"twitter:label2\" content=\"Tiempo de lectura\" \/>\n\t<meta name=\"twitter:data2\" content=\"2 minutos\" \/>\n<script type=\"application\/ld+json\" class=\"yoast-schema-graph\">{\"@context\":\"https:\\\/\\\/schema.org\",\"@graph\":[{\"@type\":\"Article\",\"@id\":\"https:\\\/\\\/omcabogados.com.pe\\\/socio-del-area-de-derecho-corporativo-de-omc-abogados-consultores-participo-en-el-congreso-ovum-2024-en-uruguay\\\/#article\",\"isPartOf\":{\"@id\":\"https:\\\/\\\/omcabogados.com.pe\\\/socio-del-area-de-derecho-corporativo-de-omc-abogados-consultores-participo-en-el-congreso-ovum-2024-en-uruguay\\\/\"},\"author\":{\"name\":\"Luis Valerio\",\"@id\":\"https:\\\/\\\/omcabogados.com.pe\\\/es\\\/#\\\/schema\\\/person\\\/a09a3c55e7d9fbc43450f286a70f9211\"},\"headline\":\"Socio del \u00e1rea de derecho corporativo de OMC Abogados &#038; Consultores particip\u00f3 en el Congreso OVUM 2024 en Uruguay\",\"datePublished\":\"2024-11-20T15:36:48+00:00\",\"dateModified\":\"2024-11-20T17:27:22+00:00\",\"mainEntityOfPage\":{\"@id\":\"https:\\\/\\\/omcabogados.com.pe\\\/socio-del-area-de-derecho-corporativo-de-omc-abogados-consultores-participo-en-el-congreso-ovum-2024-en-uruguay\\\/\"},\"wordCount\":262,\"publisher\":{\"@id\":\"https:\\\/\\\/omcabogados.com.pe\\\/es\\\/#organization\"},\"image\":{\"@id\":\"https:\\\/\\\/omcabogados.com.pe\\\/socio-del-area-de-derecho-corporativo-de-omc-abogados-consultores-participo-en-el-congreso-ovum-2024-en-uruguay\\\/#primaryimage\"},\"thumbnailUrl\":\"https:\\\/\\\/omcabogados.com.pe\\\/wp-content\\\/uploads\\\/ovum2024-luis-maura-y-presidente-luis-lacalle-de-uruguay-w.png\",\"keywords\":[\"Abogados\",\"Derecho Corporativo\",\"Latinoam\u00e9rica\",\"Luis Lacalle\",\"Negocios\",\"OMC Abogados &amp; Consultores\",\"OVUM 2024\",\"Presidente del Uruguay\",\"Registros Sanitarios\"],\"articleSection\":[\"Notas de Prensa\"],\"inLanguage\":\"es\"},{\"@type\":\"WebPage\",\"@id\":\"https:\\\/\\\/omcabogados.com.pe\\\/socio-del-area-de-derecho-corporativo-de-omc-abogados-consultores-participo-en-el-congreso-ovum-2024-en-uruguay\\\/\",\"url\":\"https:\\\/\\\/omcabogados.com.pe\\\/socio-del-area-de-derecho-corporativo-de-omc-abogados-consultores-participo-en-el-congreso-ovum-2024-en-uruguay\\\/\",\"name\":\"Socio del \u00e1rea de derecho corporativo de OMC Abogados & Consultores particip\u00f3 en el Congreso OVUM 2024 en Uruguay - OMC Abogados &amp; Consultores\",\"isPartOf\":{\"@id\":\"https:\\\/\\\/omcabogados.com.pe\\\/es\\\/#website\"},\"primaryImageOfPage\":{\"@id\":\"https:\\\/\\\/omcabogados.com.pe\\\/socio-del-area-de-derecho-corporativo-de-omc-abogados-consultores-participo-en-el-congreso-ovum-2024-en-uruguay\\\/#primaryimage\"},\"image\":{\"@id\":\"https:\\\/\\\/omcabogados.com.pe\\\/socio-del-area-de-derecho-corporativo-de-omc-abogados-consultores-participo-en-el-congreso-ovum-2024-en-uruguay\\\/#primaryimage\"},\"thumbnailUrl\":\"https:\\\/\\\/omcabogados.com.pe\\\/wp-content\\\/uploads\\\/ovum2024-luis-maura-y-presidente-luis-lacalle-de-uruguay-w.png\",\"datePublished\":\"2024-11-20T15:36:48+00:00\",\"dateModified\":\"2024-11-20T17:27:22+00:00\",\"breadcrumb\":{\"@id\":\"https:\\\/\\\/omcabogados.com.pe\\\/socio-del-area-de-derecho-corporativo-de-omc-abogados-consultores-participo-en-el-congreso-ovum-2024-en-uruguay\\\/#breadcrumb\"},\"inLanguage\":\"es\",\"potentialAction\":[{\"@type\":\"ReadAction\",\"target\":[\"https:\\\/\\\/omcabogados.com.pe\\\/socio-del-area-de-derecho-corporativo-de-omc-abogados-consultores-participo-en-el-congreso-ovum-2024-en-uruguay\\\/\"]}]},{\"@type\":\"ImageObject\",\"inLanguage\":\"es\",\"@id\":\"https:\\\/\\\/omcabogados.com.pe\\\/socio-del-area-de-derecho-corporativo-de-omc-abogados-consultores-participo-en-el-congreso-ovum-2024-en-uruguay\\\/#primaryimage\",\"url\":\"https:\\\/\\\/omcabogados.com.pe\\\/wp-content\\\/uploads\\\/ovum2024-luis-maura-y-presidente-luis-lacalle-de-uruguay-w.png\",\"contentUrl\":\"https:\\\/\\\/omcabogados.com.pe\\\/wp-content\\\/uploads\\\/ovum2024-luis-maura-y-presidente-luis-lacalle-de-uruguay-w.png\",\"width\":2560,\"height\":2000},{\"@type\":\"BreadcrumbList\",\"@id\":\"https:\\\/\\\/omcabogados.com.pe\\\/socio-del-area-de-derecho-corporativo-de-omc-abogados-consultores-participo-en-el-congreso-ovum-2024-en-uruguay\\\/#breadcrumb\",\"itemListElement\":[{\"@type\":\"ListItem\",\"position\":1,\"name\":\"Portada\",\"item\":\"https:\\\/\\\/omcabogados.com.pe\\\/\"},{\"@type\":\"ListItem\",\"position\":2,\"name\":\"Socio del \u00e1rea de derecho corporativo de OMC Abogados &#038; Consultores particip\u00f3 en el Congreso OVUM 2024 en Uruguay\"}]},{\"@type\":\"WebSite\",\"@id\":\"https:\\\/\\\/omcabogados.com.pe\\\/es\\\/#website\",\"url\":\"https:\\\/\\\/omcabogados.com.pe\\\/es\\\/\",\"name\":\"OMC Abogados & Consultores\",\"description\":\"\",\"publisher\":{\"@id\":\"https:\\\/\\\/omcabogados.com.pe\\\/es\\\/#organization\"},\"potentialAction\":[{\"@type\":\"SearchAction\",\"target\":{\"@type\":\"EntryPoint\",\"urlTemplate\":\"https:\\\/\\\/omcabogados.com.pe\\\/es\\\/?s={search_term_string}\"},\"query-input\":{\"@type\":\"PropertyValueSpecification\",\"valueRequired\":true,\"valueName\":\"search_term_string\"}}],\"inLanguage\":\"es\"},{\"@type\":\"Organization\",\"@id\":\"https:\\\/\\\/omcabogados.com.pe\\\/es\\\/#organization\",\"name\":\"OMC Abogados & Consultores\",\"url\":\"https:\\\/\\\/omcabogados.com.pe\\\/es\\\/\",\"logo\":{\"@type\":\"ImageObject\",\"inLanguage\":\"es\",\"@id\":\"https:\\\/\\\/omcabogados.com.pe\\\/es\\\/#\\\/schema\\\/logo\\\/image\\\/\",\"url\":\"https:\\\/\\\/omcabogados.com.pe\\\/wp-content\\\/uploads\\\/logo-omc-abogados.png\",\"contentUrl\":\"https:\\\/\\\/omcabogados.com.pe\\\/wp-content\\\/uploads\\\/logo-omc-abogados.png\",\"width\":210,\"height\":159,\"caption\":\"OMC Abogados & Consultores\"},\"image\":{\"@id\":\"https:\\\/\\\/omcabogados.com.pe\\\/es\\\/#\\\/schema\\\/logo\\\/image\\\/\"},\"sameAs\":[\"https:\\\/\\\/www.facebook.com\\\/omcabogados.consultores\\\/\",\"https:\\\/\\\/x.com\\\/omcabogadosperu\",\"https:\\\/\\\/www.linkedin.com\\\/company\\\/omc-abogados-consultores\\\/?viewAsMember=true\",\"https:\\\/\\\/www.instagram.com\\\/omcabogadosyconsultores\\\/\"]},{\"@type\":\"Person\",\"@id\":\"https:\\\/\\\/omcabogados.com.pe\\\/es\\\/#\\\/schema\\\/person\\\/a09a3c55e7d9fbc43450f286a70f9211\",\"name\":\"Luis Valerio\",\"image\":{\"@type\":\"ImageObject\",\"inLanguage\":\"es\",\"@id\":\"https:\\\/\\\/secure.gravatar.com\\\/avatar\\\/cb548e4205775273d33308ca72a531966ded49102d271cbad24375f4fb220e19?s=96&d=mm&r=g\",\"url\":\"https:\\\/\\\/secure.gravatar.com\\\/avatar\\\/cb548e4205775273d33308ca72a531966ded49102d271cbad24375f4fb220e19?s=96&d=mm&r=g\",\"contentUrl\":\"https:\\\/\\\/secure.gravatar.com\\\/avatar\\\/cb548e4205775273d33308ca72a531966ded49102d271cbad24375f4fb220e19?s=96&d=mm&r=g\",\"caption\":\"Luis Valerio\"},\"url\":\"https:\\\/\\\/omcabogados.com.pe\\\/es\\\/author\\\/luisvalerio\\\/\"}]}<\/script>\n<!-- \/ Yoast SEO plugin. -->","yoast_head_json":{"title":"Socio del \u00e1rea de derecho corporativo de OMC Abogados & Consultores particip\u00f3 en el Congreso OVUM 2024 en Uruguay - OMC Abogados &amp; Consultores","robots":{"index":"index","follow":"follow","max-snippet":"max-snippet:-1","max-image-preview":"max-image-preview:large","max-video-preview":"max-video-preview:-1"},"canonical":"https:\/\/omcabogados.com.pe\/es\/socio-del-area-de-derecho-corporativo-de-omc-abogados-consultores-participo-en-el-congreso-ovum-2024-en-uruguay\/","og_locale":"es_ES","og_type":"article","og_title":"Socio del \u00e1rea de derecho corporativo de OMC Abogados & Consultores particip\u00f3 en el Congreso OVUM 2024 en Uruguay - OMC Abogados &amp; Consultores","og_description":"El Dr. Luis Maura, socio y abogado del \u00e1rea de derecho corporativo de la firma peruana OMC Abogados &amp; Consultores, viaj\u00f3 a la ciudad de Punta del Este en Uruguay para participar en el XXVIII Congreso Latinoamericano de Avicultura OVUM 2024, evento que se realiz\u00f3 del 12 al 15 de noviembre y al que tambi\u00e9n [&hellip;]","og_url":"https:\/\/omcabogados.com.pe\/es\/socio-del-area-de-derecho-corporativo-de-omc-abogados-consultores-participo-en-el-congreso-ovum-2024-en-uruguay\/","og_site_name":"OMC Abogados &amp; Consultores","article_publisher":"https:\/\/www.facebook.com\/omcabogados.consultores\/","article_published_time":"2024-11-20T15:36:48+00:00","article_modified_time":"2024-11-20T17:27:22+00:00","og_image":[{"width":620,"height":484,"url":"https:\/\/omcabogados.com.pe\/wp-content\/uploads\/ovum2024-luis-maura-y-presidente-luis-lacalle-de-uruguay-w-620x484.png","type":"image\/png"}],"author":"Luis Valerio","twitter_card":"summary_large_image","twitter_creator":"@omcabogadosperu","twitter_site":"@omcabogadosperu","twitter_misc":{"Escrito por":"Luis Valerio","Tiempo de lectura":"2 minutos"},"schema":{"@context":"https:\/\/schema.org","@graph":[{"@type":"Article","@id":"https:\/\/omcabogados.com.pe\/socio-del-area-de-derecho-corporativo-de-omc-abogados-consultores-participo-en-el-congreso-ovum-2024-en-uruguay\/#article","isPartOf":{"@id":"https:\/\/omcabogados.com.pe\/socio-del-area-de-derecho-corporativo-de-omc-abogados-consultores-participo-en-el-congreso-ovum-2024-en-uruguay\/"},"author":{"name":"Luis Valerio","@id":"https:\/\/omcabogados.com.pe\/es\/#\/schema\/person\/a09a3c55e7d9fbc43450f286a70f9211"},"headline":"Socio del \u00e1rea de derecho corporativo de OMC Abogados &#038; Consultores particip\u00f3 en el Congreso OVUM 2024 en Uruguay","datePublished":"2024-11-20T15:36:48+00:00","dateModified":"2024-11-20T17:27:22+00:00","mainEntityOfPage":{"@id":"https:\/\/omcabogados.com.pe\/socio-del-area-de-derecho-corporativo-de-omc-abogados-consultores-participo-en-el-congreso-ovum-2024-en-uruguay\/"},"wordCount":262,"publisher":{"@id":"https:\/\/omcabogados.com.pe\/es\/#organization"},"image":{"@id":"https:\/\/omcabogados.com.pe\/socio-del-area-de-derecho-corporativo-de-omc-abogados-consultores-participo-en-el-congreso-ovum-2024-en-uruguay\/#primaryimage"},"thumbnailUrl":"https:\/\/omcabogados.com.pe\/wp-content\/uploads\/ovum2024-luis-maura-y-presidente-luis-lacalle-de-uruguay-w.png","keywords":["Abogados","Derecho Corporativo","Latinoam\u00e9rica","Luis Lacalle","Negocios","OMC Abogados &amp; Consultores","OVUM 2024","Presidente del Uruguay","Registros Sanitarios"],"articleSection":["Notas de Prensa"],"inLanguage":"es"},{"@type":"WebPage","@id":"https:\/\/omcabogados.com.pe\/socio-del-area-de-derecho-corporativo-de-omc-abogados-consultores-participo-en-el-congreso-ovum-2024-en-uruguay\/","url":"https:\/\/omcabogados.com.pe\/socio-del-area-de-derecho-corporativo-de-omc-abogados-consultores-participo-en-el-congreso-ovum-2024-en-uruguay\/","name":"Socio del \u00e1rea de derecho corporativo de OMC Abogados & Consultores particip\u00f3 en el Congreso OVUM 2024 en Uruguay - OMC Abogados &amp; Consultores","isPartOf":{"@id":"https:\/\/omcabogados.com.pe\/es\/#website"},"primaryImageOfPage":{"@id":"https:\/\/omcabogados.com.pe\/socio-del-area-de-derecho-corporativo-de-omc-abogados-consultores-participo-en-el-congreso-ovum-2024-en-uruguay\/#primaryimage"},"image":{"@id":"https:\/\/omcabogados.com.pe\/socio-del-area-de-derecho-corporativo-de-omc-abogados-consultores-participo-en-el-congreso-ovum-2024-en-uruguay\/#primaryimage"},"thumbnailUrl":"https:\/\/omcabogados.com.pe\/wp-content\/uploads\/ovum2024-luis-maura-y-presidente-luis-lacalle-de-uruguay-w.png","datePublished":"2024-11-20T15:36:48+00:00","dateModified":"2024-11-20T17:27:22+00:00","breadcrumb":{"@id":"https:\/\/omcabogados.com.pe\/socio-del-area-de-derecho-corporativo-de-omc-abogados-consultores-participo-en-el-congreso-ovum-2024-en-uruguay\/#breadcrumb"},"inLanguage":"es","potentialAction":[{"@type":"ReadAction","target":["https:\/\/omcabogados.com.pe\/socio-del-area-de-derecho-corporativo-de-omc-abogados-consultores-participo-en-el-congreso-ovum-2024-en-uruguay\/"]}]},{"@type":"ImageObject","inLanguage":"es","@id":"https:\/\/omcabogados.com.pe\/socio-del-area-de-derecho-corporativo-de-omc-abogados-consultores-participo-en-el-congreso-ovum-2024-en-uruguay\/#primaryimage","url":"https:\/\/omcabogados.com.pe\/wp-content\/uploads\/ovum2024-luis-maura-y-presidente-luis-lacalle-de-uruguay-w.png","contentUrl":"https:\/\/omcabogados.com.pe\/wp-content\/uploads\/ovum2024-luis-maura-y-presidente-luis-lacalle-de-uruguay-w.png","width":2560,"height":2000},{"@type":"BreadcrumbList","@id":"https:\/\/omcabogados.com.pe\/socio-del-area-de-derecho-corporativo-de-omc-abogados-consultores-participo-en-el-congreso-ovum-2024-en-uruguay\/#breadcrumb","itemListElement":[{"@type":"ListItem","position":1,"name":"Portada","item":"https:\/\/omcabogados.com.pe\/"},{"@type":"ListItem","position":2,"name":"Socio del \u00e1rea de derecho corporativo de OMC Abogados &#038; Consultores particip\u00f3 en el Congreso OVUM 2024 en Uruguay"}]},{"@type":"WebSite","@id":"https:\/\/omcabogados.com.pe\/es\/#website","url":"https:\/\/omcabogados.com.pe\/es\/","name":"OMC Abogados & Consultores","description":"","publisher":{"@id":"https:\/\/omcabogados.com.pe\/es\/#organization"},"potentialAction":[{"@type":"SearchAction","target":{"@type":"EntryPoint","urlTemplate":"https:\/\/omcabogados.com.pe\/es\/?s={search_term_string}"},"query-input":{"@type":"PropertyValueSpecification","valueRequired":true,"valueName":"search_term_string"}}],"inLanguage":"es"},{"@type":"Organization","@id":"https:\/\/omcabogados.com.pe\/es\/#organization","name":"OMC Abogados & Consultores","url":"https:\/\/omcabogados.com.pe\/es\/","logo":{"@type":"ImageObject","inLanguage":"es","@id":"https:\/\/omcabogados.com.pe\/es\/#\/schema\/logo\/image\/","url":"https:\/\/omcabogados.com.pe\/wp-content\/uploads\/logo-omc-abogados.png","contentUrl":"https:\/\/omcabogados.com.pe\/wp-content\/uploads\/logo-omc-abogados.png","width":210,"height":159,"caption":"OMC Abogados & Consultores"},"image":{"@id":"https:\/\/omcabogados.com.pe\/es\/#\/schema\/logo\/image\/"},"sameAs":["https:\/\/www.facebook.com\/omcabogados.consultores\/","https:\/\/x.com\/omcabogadosperu","https:\/\/www.linkedin.com\/company\/omc-abogados-consultores\/?viewAsMember=true","https:\/\/www.instagram.com\/omcabogadosyconsultores\/"]},{"@type":"Person","@id":"https:\/\/omcabogados.com.pe\/es\/#\/schema\/person\/a09a3c55e7d9fbc43450f286a70f9211","name":"Luis Valerio","image":{"@type":"ImageObject","inLanguage":"es","@id":"https:\/\/secure.gravatar.com\/avatar\/cb548e4205775273d33308ca72a531966ded49102d271cbad24375f4fb220e19?s=96&d=mm&r=g","url":"https:\/\/secure.gravatar.com\/avatar\/cb548e4205775273d33308ca72a531966ded49102d271cbad24375f4fb220e19?s=96&d=mm&r=g","contentUrl":"https:\/\/secure.gravatar.com\/avatar\/cb548e4205775273d33308ca72a531966ded49102d271cbad24375f4fb220e19?s=96&d=mm&r=g","caption":"Luis Valerio"},"url":"https:\/\/omcabogados.com.pe\/es\/author\/luisvalerio\/"}]}},"rttpg_featured_image_url":{"full":["https:\/\/omcabogados.com.pe\/wp-content\/uploads\/ovum2024-luis-maura-y-presidente-luis-lacalle-de-uruguay-w.png",2560,2000,false],"landscape":["https:\/\/omcabogados.com.pe\/wp-content\/uploads\/ovum2024-luis-maura-y-presidente-luis-lacalle-de-uruguay-w.png",2560,2000,false],"portraits":["https:\/\/omcabogados.com.pe\/wp-content\/uploads\/ovum2024-luis-maura-y-presidente-luis-lacalle-de-uruguay-w.png",2560,2000,false],"thumbnail":["https:\/\/omcabogados.com.pe\/wp-content\/uploads\/ovum2024-luis-maura-y-presidente-luis-lacalle-de-uruguay-w-338x170.png",338,170,true],"medium":["https:\/\/omcabogados.com.pe\/wp-content\/uploads\/ovum2024-luis-maura-y-presidente-luis-lacalle-de-uruguay-w-348x272.png",348,272,true],"large":["https:\/\/omcabogados.com.pe\/wp-content\/uploads\/ovum2024-luis-maura-y-presidente-luis-lacalle-de-uruguay-w-620x484.png",620,484,true],"1536x1536":["https:\/\/omcabogados.com.pe\/wp-content\/uploads\/ovum2024-luis-maura-y-presidente-luis-lacalle-de-uruguay-w-1536x1200.png",1536,1200,true],"2048x2048":["https:\/\/omcabogados.com.pe\/wp-content\/uploads\/ovum2024-luis-maura-y-presidente-luis-lacalle-de-uruguay-w-2048x1600.png",2048,1600,true],"trp-custom-language-flag":["https:\/\/omcabogados.com.pe\/wp-content\/uploads\/ovum2024-luis-maura-y-presidente-luis-lacalle-de-uruguay-w-15x12.png",15,12,true],"gt3theme_mobile":["https:\/\/omcabogados.com.pe\/wp-content\/uploads\/ovum2024-luis-maura-y-presidente-luis-lacalle-de-uruguay-w-480x375.png",480,375,true],"vp_sm":["https:\/\/omcabogados.com.pe\/wp-content\/uploads\/ovum2024-luis-maura-y-presidente-luis-lacalle-de-uruguay-w-500x391.png",500,391,true],"vp_md":["https:\/\/omcabogados.com.pe\/wp-content\/uploads\/ovum2024-luis-maura-y-presidente-luis-lacalle-de-uruguay-w-800x625.png",800,625,true],"vp_lg":["https:\/\/omcabogados.com.pe\/wp-content\/uploads\/ovum2024-luis-maura-y-presidente-luis-lacalle-de-uruguay-w-1280x1000.png",1280,1000,true],"vp_xl":["https:\/\/omcabogados.com.pe\/wp-content\/uploads\/ovum2024-luis-maura-y-presidente-luis-lacalle-de-uruguay-w-1920x1500.png",1920,1500,true],"vp_sm_popup":["https:\/\/omcabogados.com.pe\/wp-content\/uploads\/ovum2024-luis-maura-y-presidente-luis-lacalle-de-uruguay-w-500x391.png",500,391,true],"vp_md_popup":["https:\/\/omcabogados.com.pe\/wp-content\/uploads\/ovum2024-luis-maura-y-presidente-luis-lacalle-de-uruguay-w-800x625.png",800,625,true],"vp_xl_popup":["https:\/\/omcabogados.com.pe\/wp-content\/uploads\/ovum2024-luis-maura-y-presidente-luis-lacalle-de-uruguay-w-1920x1500.png",1920,1500,true]},"rttpg_author":{"display_name":"Luis Valerio","author_link":"https:\/\/omcabogados.com.pe\/es\/author\/luisvalerio\/"},"rttpg_comment":0,"rttpg_category":"<a href=\"https:\/\/omcabogados.com.pe\/es\/category\/prensa\/notas-de-prensa\/\" rel=\"category tag\">Notas de Prensa<\/a>","rttpg_excerpt":"El Dr. Luis Maura, socio y abogado del \u00e1rea de derecho corporativo de la firma peruana OMC Abogados &amp; Consultores, viaj\u00f3 a la ciudad de Punta del Este en Uruguay para participar en el XXVIII Congreso Latinoamericano de Avicultura OVUM 2024, evento que se realiz\u00f3 del 12 al 15 de noviembre y al que tambi\u00e9n&hellip;","_links":{"self":[{"href":"https:\/\/omcabogados.com.pe\/es\/wp-json\/wp\/v2\/posts\/15180","targetHints":{"allow":["GET"]}}],"collection":[{"href":"https:\/\/omcabogados.com.pe\/es\/wp-json\/wp\/v2\/posts"}],"about":[{"href":"https:\/\/omcabogados.com.pe\/es\/wp-json\/wp\/v2\/types\/post"}],"author":[{"embeddable":true,"href":"https:\/\/omcabogados.com.pe\/es\/wp-json\/wp\/v2\/users\/2"}],"replies":[{"embeddable":true,"href":"https:\/\/omcabogados.com.pe\/es\/wp-json\/wp\/v2\/comments?post=15180"}],"version-history":[{"count":8,"href":"https:\/\/omcabogados.com.pe\/es\/wp-json\/wp\/v2\/posts\/15180\/revisions"}],"predecessor-version":[{"id":15188,"href":"https:\/\/omcabogados.com.pe\/es\/wp-json\/wp\/v2\/posts\/15180\/revisions\/15188"}],"wp:featuredmedia":[{"embeddable":true,"href":"https:\/\/omcabogados.com.pe\/es\/wp-json\/wp\/v2\/media\/15179"}],"wp:attachment":[{"href":"https:\/\/omcabogados.com.pe\/es\/wp-json\/wp\/v2\/media?parent=15180"}],"wp:term":[{"taxonomy":"category","embeddable":true,"href":"https:\/\/omcabogados.com.pe\/es\/wp-json\/wp\/v2\/categories?post=15180"},{"taxonomy":"post_tag","embeddable":true,"href":"https:\/\/omcabogados.com.pe\/es\/wp-json\/wp\/v2\/tags?post=15180"}],"curies":[{"name":"wp","href":"https:\/\/api.w.org\/{rel}","templated":true}]}}