{"id":13860,"date":"2024-05-06T20:22:30","date_gmt":"2024-05-07T01:22:30","guid":{"rendered":"https:\/\/omcabogados.com.pe\/?p=13860"},"modified":"2024-09-12T17:50:57","modified_gmt":"2024-09-12T22:50:57","slug":"el-interesante-proyecto-del-indecopi-denominado-revalorando-la-festividad-de-la-virgen-de-la-candelaria-y-el-origen-ancestral-de-sus-danzas","status":"publish","type":"post","link":"https:\/\/omcabogados.com.pe\/en\/the-interesting-project-of-indecopi-called-revaluing-the-festival-of-the-virgin-of-candelaria-and-the-ancestral-origin-of-its-dances\/","title":{"rendered":"The interesting project of Indecopi called \u201cRevaluing the Festival of the Virgin of Candelaria and the ancestral origin of its dances\u201d"},"content":{"rendered":"<div data-elementor-type=\"wp-post\" data-elementor-id=\"13860\" class=\"elementor elementor-13860\" data-elementor-post-type=\"post\">\n\t\t\t\t\t\t<section class=\"elementor-section elementor-top-section elementor-element elementor-element-6d5e0684 elementor-section-boxed elementor-section-height-default elementor-section-height-default\" data-id=\"6d5e0684\" data-element_type=\"section\">\n\t\t\t\t\t\t<div class=\"elementor-container elementor-column-gap-default\">\n\t\t\t\t\t<div class=\"elementor-column elementor-col-100 elementor-top-column elementor-element elementor-element-5599e3b2\" data-id=\"5599e3b2\" data-element_type=\"column\">\n\t\t\t<div class=\"elementor-widget-wrap elementor-element-populated\">\n\t\t\t\t\t\t<div class=\"elementor-element elementor-element-4963691 elementor-widget elementor-widget-text-editor\" data-id=\"4963691\" data-element_type=\"widget\" data-widget_type=\"text-editor.default\">\n\t\t\t\t<div class=\"elementor-widget-container\">\n\t\t\t\t\t\t\t<p><strong>What is the update? <\/strong><\/p><p>In January 2024, the Peruvian Trademark Office, INDECOPI, through its regional office in Puno, began a project called \u201cRevaluing the Festival of the Virgin of Candelaria and the ancestral origin of its dances\u201d that seeks to protect, through intellectual property, the artistic and cultural expressions that occur during this festival each year.<\/p><p><strong>What changes does it make to existing legislation? <\/strong><\/p><p>It does not make any changes to existing legislation.<\/p><p><strong>Why it is significant? <\/strong><\/p><p>This project of INDECOPI will last 12 months and allows those who participate in this festival, such as artists, folk groups, producers, to receive training, talks, advice on the importance and advantages of protecting their artistic expressions such as music, choreography, costume design, through registration of marks, copyright, among others.<\/p><p><strong>What are the implications of this update to your jurisdiction? <\/strong><\/p><p>The implications of these measures are to promote and make known the importance of the protection of intellectual property in our country and to protect in this case the art that is manifested in this type of festivities from the costumes, the music, dance, among other artistic expressions.<\/p><p><strong>What kind effect do you see this update having - is it positive or negative? <\/strong><\/p><p>We see that this update has a positive effect because this way, value is given to art and culture in our country and at the same time the development of folk groups, Quechua and Aymara artists is encouraged and promoted, training them so that they know the benefits of registering their art through trademark registration, copyright, etc.<\/p><p><strong>What do you hope this update will achieve\/what has this update achieved? <\/strong><\/p><p>This update has achieved that in this project of INDECOPI participate researchers, anthropologists, historians, writers, exposing the historical evolution of Puno dances and the cultural value of the Festival of the Virgin of Candelaria and among those who receive or will receive the training are the Federation of Art and Culture of Puno, members of folklore groups, whether dance or costume, bands of musicians, and others.<\/p><p><strong>How do you predict that the intellectual property sector will proceed based on the effects of this update? <\/strong><\/p><p>We think that the intellectual property sector will continue to provide training, talks, and advice to different groups of people, from different sectors and regions of the country with the aim of making them aware of the possibilities they have of registering their trademarks, patents, industrial designs, copyrights and the benefits that registration provides them. It is interesting because these trainings can be carried out in languages other than Spanish, such as Quechua or Aymara, and thus ensure that populations who do not speak Spanish learn about intellectual property.<\/p><p><strong>\u00a0<\/strong><\/p>\t\t\t\t\t\t<\/div>\n\t\t\t\t<\/div>\n\t\t\t\t<div class=\"elementor-element elementor-element-2cee057 elementor-widget-divider--view-line elementor-widget elementor-widget-divider\" data-id=\"2cee057\" data-element_type=\"widget\" data-widget_type=\"divider.default\">\n\t\t\t\t<div class=\"elementor-widget-container\">\n\t\t\t\t\t<div class=\"elementor-divider\">\n\t\t\t<span class=\"elementor-divider-separator\">\n\t\t\t\t\t\t<\/span>\n\t\t<\/div>\n\t\t\t\t<\/div>\n\t\t\t\t<\/div>\n\t\t\t\t<div class=\"elementor-element elementor-element-95a30c6 elementor-widget elementor-widget-text-editor\" data-id=\"95a30c6\" data-element_type=\"widget\" data-widget_type=\"text-editor.default\">\n\t\t\t\t<div class=\"elementor-widget-container\">\n\t\t\t\t\t\t\t<p>This article has also been published on the following sites:<\/p>\t\t\t\t\t\t<\/div>\n\t\t\t\t<\/div>\n\t\t\t\t\t<\/div>\n\t\t<\/div>\n\t\t\t\t\t<\/div>\n\t\t<\/section>\n\t\t\t\t<section class=\"elementor-section elementor-top-section elementor-element elementor-element-7c195a8 elementor-section-boxed elementor-section-height-default elementor-section-height-default\" data-id=\"7c195a8\" data-element_type=\"section\">\n\t\t\t\t\t\t<div class=\"elementor-container elementor-column-gap-default\">\n\t\t\t\t\t<div class=\"elementor-column elementor-col-25 elementor-top-column elementor-element elementor-element-6a8d5d9\" data-id=\"6a8d5d9\" data-element_type=\"column\">\n\t\t\t<div class=\"elementor-widget-wrap elementor-element-populated\">\n\t\t\t\t\t\t<div class=\"elementor-element elementor-element-110f460 elementor-widget elementor-widget-image\" data-id=\"110f460\" data-element_type=\"widget\" data-widget_type=\"image.default\">\n\t\t\t\t<div class=\"elementor-widget-container\">\n\t\t\t\t\t\t\t\t\t\t\t\t\t\t<a href=\"https:\/\/omcabogados.com.pe\/wp-content\/uploads\/THEINT1.pdf\" target=\"_blank\">\n\t\t\t\t\t\t\t<img decoding=\"async\" src=\"https:\/\/omcabogados.com.pe\/wp-content\/uploads\/LEXOLOGY-logo-web-2.jpg\" title=\"\" alt=\"\" loading=\"lazy\" \/>\t\t\t\t\t\t\t\t<\/a>\n\t\t\t\t\t\t\t\t\t\t\t\t\t<\/div>\n\t\t\t\t<\/div>\n\t\t\t\t<div class=\"elementor-element-custom_font_size elementor-element elementor-element-3ab5c88 elementor-widget elementor-widget-text-editor\" data-id=\"3ab5c88\" data-element_type=\"widget\" data-widget_type=\"text-editor.default\">\n\t\t\t\t<div class=\"elementor-widget-container\">\n\t\t\t\t\t\t\t<p style=\"text-align: center;\">Abril 2024<\/p>\t\t\t\t\t\t<\/div>\n\t\t\t\t<\/div>\n\t\t\t\t\t<\/div>\n\t\t<\/div>\n\t\t\t\t<div class=\"elementor-column elementor-col-25 elementor-top-column elementor-element elementor-element-966fd17\" data-id=\"966fd17\" data-element_type=\"column\">\n\t\t\t<div class=\"elementor-widget-wrap elementor-element-populated\">\n\t\t\t\t\t\t\t<\/div>\n\t\t<\/div>\n\t\t\t\t<div class=\"elementor-column elementor-col-25 elementor-top-column elementor-element elementor-element-4c77920\" data-id=\"4c77920\" data-element_type=\"column\">\n\t\t\t<div class=\"elementor-widget-wrap elementor-element-populated\">\n\t\t\t\t\t\t\t<\/div>\n\t\t<\/div>\n\t\t\t\t<div class=\"elementor-column elementor-col-25 elementor-top-column elementor-element elementor-element-c995aa6\" data-id=\"c995aa6\" data-element_type=\"column\">\n\t\t\t<div class=\"elementor-widget-wrap elementor-element-populated\">\n\t\t\t\t\t\t\t<\/div>\n\t\t<\/div>\n\t\t\t\t\t<\/div>\n\t\t<\/section>\n\t\t\t\t<\/div>","protected":false},"excerpt":{"rendered":"<p>\u00bfCu\u00e1l es la actualizaci\u00f3n? En enero de 2024, la Oficina de Marcas de Per\u00fa, INDECOPI, a trav\u00e9s de su oficina regional en Puno, inici\u00f3 un proyecto denominado \u201cRevalorando la Festividad de la Virgen de la Candelaria y el origen ancestral de sus danzas\u201d que busca proteger, a trav\u00e9s de la propiedad intelectual, las expresiones art\u00edsticas [&hellip;]<\/p>","protected":false},"author":2,"featured_media":14777,"comment_status":"closed","ping_status":"closed","sticky":false,"template":"","format":"standard","meta":{"_vp_format_video_url":"","_vp_image_focal_point":[],"_vp_custom_popup_image":0,"_vp_format_audio_url":"","_vp_custom_thumbnail":0,"_vp_custom_thumbnail_focal_point":[],"_vp_hover_thumbnail":0,"_vp_hover_thumbnail_focal_point":[],"footnotes":""},"categories":[46],"tags":[],"class_list":["post-13860","post","type-post","status-publish","format-standard","has-post-thumbnail","hentry","category-articulos"],"yoast_head":"<!-- This site is optimized with the Yoast SEO plugin v27.5 - https:\/\/yoast.com\/product\/yoast-seo-wordpress\/ -->\n<title>El interesante proyecto del Indecopi denominado \u201cRevalorando la Festividad de la Virgen de la Candelaria y el origen ancestral de sus danzas\u201d - OMC Abogados &amp; Consultores<\/title>\n<meta name=\"robots\" content=\"index, follow, max-snippet:-1, max-image-preview:large, max-video-preview:-1\" \/>\n<link rel=\"canonical\" href=\"https:\/\/omcabogados.com.pe\/en\/the-interesting-project-of-indecopi-called-revaluing-the-festival-of-the-virgin-of-candelaria-and-the-ancestral-origin-of-its-dances\/\" \/>\n<meta property=\"og:locale\" content=\"en_US\" \/>\n<meta property=\"og:type\" content=\"article\" \/>\n<meta property=\"og:title\" content=\"El interesante proyecto del Indecopi denominado \u201cRevalorando la Festividad de la Virgen de la Candelaria y el origen ancestral de sus danzas\u201d - OMC Abogados &amp; Consultores\" \/>\n<meta property=\"og:description\" content=\"\u00bfCu\u00e1l es la actualizaci\u00f3n? En enero de 2024, la Oficina de Marcas de Per\u00fa, INDECOPI, a trav\u00e9s de su oficina regional en Puno, inici\u00f3 un proyecto denominado \u201cRevalorando la Festividad de la Virgen de la Candelaria y el origen ancestral de sus danzas\u201d que busca proteger, a trav\u00e9s de la propiedad intelectual, las expresiones art\u00edsticas [&hellip;]\" \/>\n<meta property=\"og:url\" content=\"https:\/\/omcabogados.com.pe\/en\/the-interesting-project-of-indecopi-called-revaluing-the-festival-of-the-virgin-of-candelaria-and-the-ancestral-origin-of-its-dances\/\" \/>\n<meta property=\"og:site_name\" content=\"OMC Abogados &amp; Consultores\" \/>\n<meta property=\"article:publisher\" content=\"https:\/\/www.facebook.com\/omcabogados.consultores\/\" \/>\n<meta property=\"article:published_time\" content=\"2024-05-07T01:22:30+00:00\" \/>\n<meta property=\"article:modified_time\" content=\"2024-09-12T22:50:57+00:00\" \/>\n<meta property=\"og:image\" content=\"https:\/\/omcabogados.com.pe\/wp-content\/uploads\/medios-omc-abogados.jpg\" \/>\n\t<meta property=\"og:image:width\" content=\"300\" \/>\n\t<meta property=\"og:image:height\" content=\"228\" \/>\n\t<meta property=\"og:image:type\" content=\"image\/jpeg\" \/>\n<meta name=\"author\" content=\"Luis Valerio\" \/>\n<meta name=\"twitter:card\" content=\"summary_large_image\" \/>\n<meta name=\"twitter:creator\" content=\"@omcabogadosperu\" \/>\n<meta name=\"twitter:site\" content=\"@omcabogadosperu\" \/>\n<meta name=\"twitter:label1\" content=\"Written by\" \/>\n\t<meta name=\"twitter:data1\" content=\"Luis Valerio\" \/>\n\t<meta name=\"twitter:label2\" content=\"Est. reading time\" \/>\n\t<meta name=\"twitter:data2\" content=\"3 minutes\" \/>\n<script type=\"application\/ld+json\" class=\"yoast-schema-graph\">{\"@context\":\"https:\\\/\\\/schema.org\",\"@graph\":[{\"@type\":\"Article\",\"@id\":\"https:\\\/\\\/omcabogados.com.pe\\\/el-interesante-proyecto-del-indecopi-denominado-revalorando-la-festividad-de-la-virgen-de-la-candelaria-y-el-origen-ancestral-de-sus-danzas\\\/#article\",\"isPartOf\":{\"@id\":\"https:\\\/\\\/omcabogados.com.pe\\\/el-interesante-proyecto-del-indecopi-denominado-revalorando-la-festividad-de-la-virgen-de-la-candelaria-y-el-origen-ancestral-de-sus-danzas\\\/\"},\"author\":{\"name\":\"Luis Valerio\",\"@id\":\"https:\\\/\\\/omcabogados.com.pe\\\/es\\\/#\\\/schema\\\/person\\\/a09a3c55e7d9fbc43450f286a70f9211\"},\"headline\":\"El interesante proyecto del Indecopi denominado \u201cRevalorando la Festividad de la Virgen de la Candelaria y el origen ancestral de sus danzas\u201d\",\"datePublished\":\"2024-05-07T01:22:30+00:00\",\"dateModified\":\"2024-09-12T22:50:57+00:00\",\"mainEntityOfPage\":{\"@id\":\"https:\\\/\\\/omcabogados.com.pe\\\/el-interesante-proyecto-del-indecopi-denominado-revalorando-la-festividad-de-la-virgen-de-la-candelaria-y-el-origen-ancestral-de-sus-danzas\\\/\"},\"wordCount\":533,\"publisher\":{\"@id\":\"https:\\\/\\\/omcabogados.com.pe\\\/es\\\/#organization\"},\"image\":{\"@id\":\"https:\\\/\\\/omcabogados.com.pe\\\/el-interesante-proyecto-del-indecopi-denominado-revalorando-la-festividad-de-la-virgen-de-la-candelaria-y-el-origen-ancestral-de-sus-danzas\\\/#primaryimage\"},\"thumbnailUrl\":\"https:\\\/\\\/omcabogados.com.pe\\\/wp-content\\\/uploads\\\/medios-omc-abogados.jpg\",\"articleSection\":[\"Art\u00edculos\"],\"inLanguage\":\"en-US\"},{\"@type\":\"WebPage\",\"@id\":\"https:\\\/\\\/omcabogados.com.pe\\\/el-interesante-proyecto-del-indecopi-denominado-revalorando-la-festividad-de-la-virgen-de-la-candelaria-y-el-origen-ancestral-de-sus-danzas\\\/\",\"url\":\"https:\\\/\\\/omcabogados.com.pe\\\/el-interesante-proyecto-del-indecopi-denominado-revalorando-la-festividad-de-la-virgen-de-la-candelaria-y-el-origen-ancestral-de-sus-danzas\\\/\",\"name\":\"El interesante proyecto del Indecopi denominado \u201cRevalorando la Festividad de la Virgen de la Candelaria y el origen ancestral de sus danzas\u201d - OMC Abogados &amp; Consultores\",\"isPartOf\":{\"@id\":\"https:\\\/\\\/omcabogados.com.pe\\\/es\\\/#website\"},\"primaryImageOfPage\":{\"@id\":\"https:\\\/\\\/omcabogados.com.pe\\\/el-interesante-proyecto-del-indecopi-denominado-revalorando-la-festividad-de-la-virgen-de-la-candelaria-y-el-origen-ancestral-de-sus-danzas\\\/#primaryimage\"},\"image\":{\"@id\":\"https:\\\/\\\/omcabogados.com.pe\\\/el-interesante-proyecto-del-indecopi-denominado-revalorando-la-festividad-de-la-virgen-de-la-candelaria-y-el-origen-ancestral-de-sus-danzas\\\/#primaryimage\"},\"thumbnailUrl\":\"https:\\\/\\\/omcabogados.com.pe\\\/wp-content\\\/uploads\\\/medios-omc-abogados.jpg\",\"datePublished\":\"2024-05-07T01:22:30+00:00\",\"dateModified\":\"2024-09-12T22:50:57+00:00\",\"breadcrumb\":{\"@id\":\"https:\\\/\\\/omcabogados.com.pe\\\/el-interesante-proyecto-del-indecopi-denominado-revalorando-la-festividad-de-la-virgen-de-la-candelaria-y-el-origen-ancestral-de-sus-danzas\\\/#breadcrumb\"},\"inLanguage\":\"en-US\",\"potentialAction\":[{\"@type\":\"ReadAction\",\"target\":[\"https:\\\/\\\/omcabogados.com.pe\\\/el-interesante-proyecto-del-indecopi-denominado-revalorando-la-festividad-de-la-virgen-de-la-candelaria-y-el-origen-ancestral-de-sus-danzas\\\/\"]}]},{\"@type\":\"ImageObject\",\"inLanguage\":\"en-US\",\"@id\":\"https:\\\/\\\/omcabogados.com.pe\\\/el-interesante-proyecto-del-indecopi-denominado-revalorando-la-festividad-de-la-virgen-de-la-candelaria-y-el-origen-ancestral-de-sus-danzas\\\/#primaryimage\",\"url\":\"https:\\\/\\\/omcabogados.com.pe\\\/wp-content\\\/uploads\\\/medios-omc-abogados.jpg\",\"contentUrl\":\"https:\\\/\\\/omcabogados.com.pe\\\/wp-content\\\/uploads\\\/medios-omc-abogados.jpg\",\"width\":300,\"height\":228},{\"@type\":\"BreadcrumbList\",\"@id\":\"https:\\\/\\\/omcabogados.com.pe\\\/el-interesante-proyecto-del-indecopi-denominado-revalorando-la-festividad-de-la-virgen-de-la-candelaria-y-el-origen-ancestral-de-sus-danzas\\\/#breadcrumb\",\"itemListElement\":[{\"@type\":\"ListItem\",\"position\":1,\"name\":\"Portada\",\"item\":\"https:\\\/\\\/omcabogados.com.pe\\\/\"},{\"@type\":\"ListItem\",\"position\":2,\"name\":\"El interesante proyecto del Indecopi denominado \u201cRevalorando la Festividad de la Virgen de la Candelaria y el origen ancestral de sus danzas\u201d\"}]},{\"@type\":\"WebSite\",\"@id\":\"https:\\\/\\\/omcabogados.com.pe\\\/es\\\/#website\",\"url\":\"https:\\\/\\\/omcabogados.com.pe\\\/es\\\/\",\"name\":\"OMC Abogados & Consultores\",\"description\":\"\",\"publisher\":{\"@id\":\"https:\\\/\\\/omcabogados.com.pe\\\/es\\\/#organization\"},\"potentialAction\":[{\"@type\":\"SearchAction\",\"target\":{\"@type\":\"EntryPoint\",\"urlTemplate\":\"https:\\\/\\\/omcabogados.com.pe\\\/es\\\/?s={search_term_string}\"},\"query-input\":{\"@type\":\"PropertyValueSpecification\",\"valueRequired\":true,\"valueName\":\"search_term_string\"}}],\"inLanguage\":\"en-US\"},{\"@type\":\"Organization\",\"@id\":\"https:\\\/\\\/omcabogados.com.pe\\\/es\\\/#organization\",\"name\":\"OMC Abogados & Consultores\",\"url\":\"https:\\\/\\\/omcabogados.com.pe\\\/es\\\/\",\"logo\":{\"@type\":\"ImageObject\",\"inLanguage\":\"en-US\",\"@id\":\"https:\\\/\\\/omcabogados.com.pe\\\/es\\\/#\\\/schema\\\/logo\\\/image\\\/\",\"url\":\"https:\\\/\\\/omcabogados.com.pe\\\/wp-content\\\/uploads\\\/logo-omc-abogados.png\",\"contentUrl\":\"https:\\\/\\\/omcabogados.com.pe\\\/wp-content\\\/uploads\\\/logo-omc-abogados.png\",\"width\":210,\"height\":159,\"caption\":\"OMC Abogados & Consultores\"},\"image\":{\"@id\":\"https:\\\/\\\/omcabogados.com.pe\\\/es\\\/#\\\/schema\\\/logo\\\/image\\\/\"},\"sameAs\":[\"https:\\\/\\\/www.facebook.com\\\/omcabogados.consultores\\\/\",\"https:\\\/\\\/x.com\\\/omcabogadosperu\",\"https:\\\/\\\/www.linkedin.com\\\/company\\\/omc-abogados-consultores\\\/?viewAsMember=true\",\"https:\\\/\\\/www.instagram.com\\\/omcabogadosyconsultores\\\/\"]},{\"@type\":\"Person\",\"@id\":\"https:\\\/\\\/omcabogados.com.pe\\\/es\\\/#\\\/schema\\\/person\\\/a09a3c55e7d9fbc43450f286a70f9211\",\"name\":\"Luis Valerio\",\"image\":{\"@type\":\"ImageObject\",\"inLanguage\":\"en-US\",\"@id\":\"https:\\\/\\\/secure.gravatar.com\\\/avatar\\\/cb548e4205775273d33308ca72a531966ded49102d271cbad24375f4fb220e19?s=96&d=mm&r=g\",\"url\":\"https:\\\/\\\/secure.gravatar.com\\\/avatar\\\/cb548e4205775273d33308ca72a531966ded49102d271cbad24375f4fb220e19?s=96&d=mm&r=g\",\"contentUrl\":\"https:\\\/\\\/secure.gravatar.com\\\/avatar\\\/cb548e4205775273d33308ca72a531966ded49102d271cbad24375f4fb220e19?s=96&d=mm&r=g\",\"caption\":\"Luis Valerio\"},\"url\":\"https:\\\/\\\/omcabogados.com.pe\\\/en\\\/author\\\/luisvalerio\\\/\"}]}<\/script>\n<!-- \/ Yoast SEO plugin. -->","yoast_head_json":{"title":"El interesante proyecto del Indecopi denominado \u201cRevalorando la Festividad de la Virgen de la Candelaria y el origen ancestral de sus danzas\u201d - OMC Abogados &amp; Consultores","robots":{"index":"index","follow":"follow","max-snippet":"max-snippet:-1","max-image-preview":"max-image-preview:large","max-video-preview":"max-video-preview:-1"},"canonical":"https:\/\/omcabogados.com.pe\/en\/the-interesting-project-of-indecopi-called-revaluing-the-festival-of-the-virgin-of-candelaria-and-the-ancestral-origin-of-its-dances\/","og_locale":"en_US","og_type":"article","og_title":"El interesante proyecto del Indecopi denominado \u201cRevalorando la Festividad de la Virgen de la Candelaria y el origen ancestral de sus danzas\u201d - OMC Abogados &amp; Consultores","og_description":"\u00bfCu\u00e1l es la actualizaci\u00f3n? En enero de 2024, la Oficina de Marcas de Per\u00fa, INDECOPI, a trav\u00e9s de su oficina regional en Puno, inici\u00f3 un proyecto denominado \u201cRevalorando la Festividad de la Virgen de la Candelaria y el origen ancestral de sus danzas\u201d que busca proteger, a trav\u00e9s de la propiedad intelectual, las expresiones art\u00edsticas [&hellip;]","og_url":"https:\/\/omcabogados.com.pe\/en\/the-interesting-project-of-indecopi-called-revaluing-the-festival-of-the-virgin-of-candelaria-and-the-ancestral-origin-of-its-dances\/","og_site_name":"OMC Abogados &amp; Consultores","article_publisher":"https:\/\/www.facebook.com\/omcabogados.consultores\/","article_published_time":"2024-05-07T01:22:30+00:00","article_modified_time":"2024-09-12T22:50:57+00:00","og_image":[{"width":300,"height":228,"url":"https:\/\/omcabogados.com.pe\/wp-content\/uploads\/medios-omc-abogados.jpg","type":"image\/jpeg"}],"author":"Luis Valerio","twitter_card":"summary_large_image","twitter_creator":"@omcabogadosperu","twitter_site":"@omcabogadosperu","twitter_misc":{"Written by":"Luis Valerio","Est. reading time":"3 minutes"},"schema":{"@context":"https:\/\/schema.org","@graph":[{"@type":"Article","@id":"https:\/\/omcabogados.com.pe\/el-interesante-proyecto-del-indecopi-denominado-revalorando-la-festividad-de-la-virgen-de-la-candelaria-y-el-origen-ancestral-de-sus-danzas\/#article","isPartOf":{"@id":"https:\/\/omcabogados.com.pe\/el-interesante-proyecto-del-indecopi-denominado-revalorando-la-festividad-de-la-virgen-de-la-candelaria-y-el-origen-ancestral-de-sus-danzas\/"},"author":{"name":"Luis Valerio","@id":"https:\/\/omcabogados.com.pe\/es\/#\/schema\/person\/a09a3c55e7d9fbc43450f286a70f9211"},"headline":"El interesante proyecto del Indecopi denominado \u201cRevalorando la Festividad de la Virgen de la Candelaria y el origen ancestral de sus danzas\u201d","datePublished":"2024-05-07T01:22:30+00:00","dateModified":"2024-09-12T22:50:57+00:00","mainEntityOfPage":{"@id":"https:\/\/omcabogados.com.pe\/el-interesante-proyecto-del-indecopi-denominado-revalorando-la-festividad-de-la-virgen-de-la-candelaria-y-el-origen-ancestral-de-sus-danzas\/"},"wordCount":533,"publisher":{"@id":"https:\/\/omcabogados.com.pe\/es\/#organization"},"image":{"@id":"https:\/\/omcabogados.com.pe\/el-interesante-proyecto-del-indecopi-denominado-revalorando-la-festividad-de-la-virgen-de-la-candelaria-y-el-origen-ancestral-de-sus-danzas\/#primaryimage"},"thumbnailUrl":"https:\/\/omcabogados.com.pe\/wp-content\/uploads\/medios-omc-abogados.jpg","articleSection":["Art\u00edculos"],"inLanguage":"en-US"},{"@type":"WebPage","@id":"https:\/\/omcabogados.com.pe\/el-interesante-proyecto-del-indecopi-denominado-revalorando-la-festividad-de-la-virgen-de-la-candelaria-y-el-origen-ancestral-de-sus-danzas\/","url":"https:\/\/omcabogados.com.pe\/el-interesante-proyecto-del-indecopi-denominado-revalorando-la-festividad-de-la-virgen-de-la-candelaria-y-el-origen-ancestral-de-sus-danzas\/","name":"El interesante proyecto del Indecopi denominado \u201cRevalorando la Festividad de la Virgen de la Candelaria y el origen ancestral de sus danzas\u201d - OMC Abogados &amp; Consultores","isPartOf":{"@id":"https:\/\/omcabogados.com.pe\/es\/#website"},"primaryImageOfPage":{"@id":"https:\/\/omcabogados.com.pe\/el-interesante-proyecto-del-indecopi-denominado-revalorando-la-festividad-de-la-virgen-de-la-candelaria-y-el-origen-ancestral-de-sus-danzas\/#primaryimage"},"image":{"@id":"https:\/\/omcabogados.com.pe\/el-interesante-proyecto-del-indecopi-denominado-revalorando-la-festividad-de-la-virgen-de-la-candelaria-y-el-origen-ancestral-de-sus-danzas\/#primaryimage"},"thumbnailUrl":"https:\/\/omcabogados.com.pe\/wp-content\/uploads\/medios-omc-abogados.jpg","datePublished":"2024-05-07T01:22:30+00:00","dateModified":"2024-09-12T22:50:57+00:00","breadcrumb":{"@id":"https:\/\/omcabogados.com.pe\/el-interesante-proyecto-del-indecopi-denominado-revalorando-la-festividad-de-la-virgen-de-la-candelaria-y-el-origen-ancestral-de-sus-danzas\/#breadcrumb"},"inLanguage":"en-US","potentialAction":[{"@type":"ReadAction","target":["https:\/\/omcabogados.com.pe\/el-interesante-proyecto-del-indecopi-denominado-revalorando-la-festividad-de-la-virgen-de-la-candelaria-y-el-origen-ancestral-de-sus-danzas\/"]}]},{"@type":"ImageObject","inLanguage":"en-US","@id":"https:\/\/omcabogados.com.pe\/el-interesante-proyecto-del-indecopi-denominado-revalorando-la-festividad-de-la-virgen-de-la-candelaria-y-el-origen-ancestral-de-sus-danzas\/#primaryimage","url":"https:\/\/omcabogados.com.pe\/wp-content\/uploads\/medios-omc-abogados.jpg","contentUrl":"https:\/\/omcabogados.com.pe\/wp-content\/uploads\/medios-omc-abogados.jpg","width":300,"height":228},{"@type":"BreadcrumbList","@id":"https:\/\/omcabogados.com.pe\/el-interesante-proyecto-del-indecopi-denominado-revalorando-la-festividad-de-la-virgen-de-la-candelaria-y-el-origen-ancestral-de-sus-danzas\/#breadcrumb","itemListElement":[{"@type":"ListItem","position":1,"name":"Portada","item":"https:\/\/omcabogados.com.pe\/"},{"@type":"ListItem","position":2,"name":"El interesante proyecto del Indecopi denominado \u201cRevalorando la Festividad de la Virgen de la Candelaria y el origen ancestral de sus danzas\u201d"}]},{"@type":"WebSite","@id":"https:\/\/omcabogados.com.pe\/es\/#website","url":"https:\/\/omcabogados.com.pe\/es\/","name":"OMC Abogados & Consultores","description":"","publisher":{"@id":"https:\/\/omcabogados.com.pe\/es\/#organization"},"potentialAction":[{"@type":"SearchAction","target":{"@type":"EntryPoint","urlTemplate":"https:\/\/omcabogados.com.pe\/es\/?s={search_term_string}"},"query-input":{"@type":"PropertyValueSpecification","valueRequired":true,"valueName":"search_term_string"}}],"inLanguage":"en-US"},{"@type":"Organization","@id":"https:\/\/omcabogados.com.pe\/es\/#organization","name":"OMC Abogados & Consultores","url":"https:\/\/omcabogados.com.pe\/es\/","logo":{"@type":"ImageObject","inLanguage":"en-US","@id":"https:\/\/omcabogados.com.pe\/es\/#\/schema\/logo\/image\/","url":"https:\/\/omcabogados.com.pe\/wp-content\/uploads\/logo-omc-abogados.png","contentUrl":"https:\/\/omcabogados.com.pe\/wp-content\/uploads\/logo-omc-abogados.png","width":210,"height":159,"caption":"OMC Abogados & Consultores"},"image":{"@id":"https:\/\/omcabogados.com.pe\/es\/#\/schema\/logo\/image\/"},"sameAs":["https:\/\/www.facebook.com\/omcabogados.consultores\/","https:\/\/x.com\/omcabogadosperu","https:\/\/www.linkedin.com\/company\/omc-abogados-consultores\/?viewAsMember=true","https:\/\/www.instagram.com\/omcabogadosyconsultores\/"]},{"@type":"Person","@id":"https:\/\/omcabogados.com.pe\/es\/#\/schema\/person\/a09a3c55e7d9fbc43450f286a70f9211","name":"Luis Valerio","image":{"@type":"ImageObject","inLanguage":"en-US","@id":"https:\/\/secure.gravatar.com\/avatar\/cb548e4205775273d33308ca72a531966ded49102d271cbad24375f4fb220e19?s=96&d=mm&r=g","url":"https:\/\/secure.gravatar.com\/avatar\/cb548e4205775273d33308ca72a531966ded49102d271cbad24375f4fb220e19?s=96&d=mm&r=g","contentUrl":"https:\/\/secure.gravatar.com\/avatar\/cb548e4205775273d33308ca72a531966ded49102d271cbad24375f4fb220e19?s=96&d=mm&r=g","caption":"Luis Valerio"},"url":"https:\/\/omcabogados.com.pe\/en\/author\/luisvalerio\/"}]}},"rttpg_featured_image_url":{"full":["https:\/\/omcabogados.com.pe\/wp-content\/uploads\/medios-omc-abogados.jpg",300,228,false],"landscape":["https:\/\/omcabogados.com.pe\/wp-content\/uploads\/medios-omc-abogados.jpg",300,228,false],"portraits":["https:\/\/omcabogados.com.pe\/wp-content\/uploads\/medios-omc-abogados.jpg",300,228,false],"thumbnail":["https:\/\/omcabogados.com.pe\/wp-content\/uploads\/medios-omc-abogados-300x170.jpg",300,170,true],"medium":["https:\/\/omcabogados.com.pe\/wp-content\/uploads\/medios-omc-abogados.jpg",300,228,false],"large":["https:\/\/omcabogados.com.pe\/wp-content\/uploads\/medios-omc-abogados.jpg",300,228,false],"1536x1536":["https:\/\/omcabogados.com.pe\/wp-content\/uploads\/medios-omc-abogados.jpg",300,228,false],"2048x2048":["https:\/\/omcabogados.com.pe\/wp-content\/uploads\/medios-omc-abogados.jpg",300,228,false],"trp-custom-language-flag":["https:\/\/omcabogados.com.pe\/wp-content\/uploads\/medios-omc-abogados-16x12.jpg",16,12,true],"gt3theme_mobile":["https:\/\/omcabogados.com.pe\/wp-content\/uploads\/medios-omc-abogados.jpg",300,228,false],"vp_sm":["https:\/\/omcabogados.com.pe\/wp-content\/uploads\/medios-omc-abogados.jpg",300,228,false],"vp_md":["https:\/\/omcabogados.com.pe\/wp-content\/uploads\/medios-omc-abogados.jpg",300,228,false],"vp_lg":["https:\/\/omcabogados.com.pe\/wp-content\/uploads\/medios-omc-abogados.jpg",300,228,false],"vp_xl":["https:\/\/omcabogados.com.pe\/wp-content\/uploads\/medios-omc-abogados.jpg",300,228,false],"vp_sm_popup":["https:\/\/omcabogados.com.pe\/wp-content\/uploads\/medios-omc-abogados.jpg",300,228,false],"vp_md_popup":["https:\/\/omcabogados.com.pe\/wp-content\/uploads\/medios-omc-abogados.jpg",300,228,false],"vp_xl_popup":["https:\/\/omcabogados.com.pe\/wp-content\/uploads\/medios-omc-abogados.jpg",300,228,false]},"rttpg_author":{"display_name":"Luis Valerio","author_link":"https:\/\/omcabogados.com.pe\/en\/author\/luisvalerio\/"},"rttpg_comment":0,"rttpg_category":"<a href=\"https:\/\/omcabogados.com.pe\/en\/category\/prensa\/articulos\/\" rel=\"category tag\">Art\u00edculos<\/a>","rttpg_excerpt":"\u00bfCu\u00e1l es la actualizaci\u00f3n? En enero de 2024, la Oficina de Marcas de Per\u00fa, INDECOPI, a trav\u00e9s de su oficina regional en Puno, inici\u00f3 un proyecto denominado \u201cRevalorando la Festividad de la Virgen de la Candelaria y el origen ancestral de sus danzas\u201d que busca proteger, a trav\u00e9s de la propiedad intelectual, las expresiones art\u00edsticas&hellip;","_links":{"self":[{"href":"https:\/\/omcabogados.com.pe\/en\/wp-json\/wp\/v2\/posts\/13860","targetHints":{"allow":["GET"]}}],"collection":[{"href":"https:\/\/omcabogados.com.pe\/en\/wp-json\/wp\/v2\/posts"}],"about":[{"href":"https:\/\/omcabogados.com.pe\/en\/wp-json\/wp\/v2\/types\/post"}],"author":[{"embeddable":true,"href":"https:\/\/omcabogados.com.pe\/en\/wp-json\/wp\/v2\/users\/2"}],"replies":[{"embeddable":true,"href":"https:\/\/omcabogados.com.pe\/en\/wp-json\/wp\/v2\/comments?post=13860"}],"version-history":[{"count":22,"href":"https:\/\/omcabogados.com.pe\/en\/wp-json\/wp\/v2\/posts\/13860\/revisions"}],"predecessor-version":[{"id":14217,"href":"https:\/\/omcabogados.com.pe\/en\/wp-json\/wp\/v2\/posts\/13860\/revisions\/14217"}],"wp:featuredmedia":[{"embeddable":true,"href":"https:\/\/omcabogados.com.pe\/en\/wp-json\/wp\/v2\/media\/14777"}],"wp:attachment":[{"href":"https:\/\/omcabogados.com.pe\/en\/wp-json\/wp\/v2\/media?parent=13860"}],"wp:term":[{"taxonomy":"category","embeddable":true,"href":"https:\/\/omcabogados.com.pe\/en\/wp-json\/wp\/v2\/categories?post=13860"},{"taxonomy":"post_tag","embeddable":true,"href":"https:\/\/omcabogados.com.pe\/en\/wp-json\/wp\/v2\/tags?post=13860"}],"curies":[{"name":"wp","href":"https:\/\/api.w.org\/{rel}","templated":true}]}}